{"id":56456,"date":"2017-10-11T13:10:54","date_gmt":"2017-10-11T16:10:54","guid":{"rendered":"http:\/\/www.cordobatimes.com\/showup\/?p=56456"},"modified":"2020-06-05T21:03:52","modified_gmt":"2020-06-06T00:03:52","slug":"la-confesion-espiritual-pampita","status":"publish","type":"post","link":"https:\/\/www.cordobatimes.com\/showup\/tv\/2017\/10\/11\/la-confesion-espiritual-pampita\/","title":{"rendered":"La confesi\u00f3n espiritual que hizo Pampita"},"content":{"rendered":"<h3><strong>La modelo abri\u00f3 su coraz\u00f3n en la entrevista con\u00a0Nicole Neumann.<\/strong><\/h3>\n<p>En la nota que\u00a0Nicole Neumann\u00a0le hizo a\u00a0Pampita\u00a0rein\u00f3 la cordialidad y a pesar de uno o dos momentos, la charla fluy\u00f3 entre las modelos. Tanto que la jurado de\u00a0ShowMatch\u00a0cont\u00f3 la especial relaci\u00f3n que tiene con la fe.<\/p>\n<p><iframe loading=\"lazy\" src=\"https:\/\/www.youtube.com\/embed\/v5hNIi-LleE\" width=\"560\" height=\"315\" frameborder=\"0\" allowfullscreen=\"allowfullscreen\"><\/iframe><\/p>\n","protected":false},"excerpt":{"rendered":"<p>La modelo abri\u00f3 su coraz\u00f3n en la entrevista con\u00a0Nicole Neumann. En la nota que\u00a0Nicole Neumann\u00a0le hizo a\u00a0Pampita\u00a0rein\u00f3 la cordialidad y a pesar de uno o dos momentos, la charla fluy\u00f3 entre las modelos. Tanto que la jurado de\u00a0ShowMatch\u00a0cont\u00f3 la especial relaci\u00f3n que tiene con la fe.<\/p>\n","protected":false},"author":1,"featured_media":56457,"comment_status":"closed","ping_status":"closed","sticky":false,"template":"","format":"standard","meta":{"_seopress_robots_primary_cat":"","_seopress_titles_title":"","_seopress_titles_desc":"","_seopress_robots_index":"","footnotes":""},"categories":[2],"tags":[31803,16981],"class_list":{"0":"post-56456","1":"post","2":"type-post","3":"status-publish","4":"format-standard","5":"has-post-thumbnail","7":"category-tv","8":"tag-nota-que-nicole-neumann-le-hizo-a-pampita","9":"tag-pampita-y-nicole-neumann"},"_links":{"self":[{"href":"https:\/\/www.cordobatimes.com\/showup\/wp-json\/wp\/v2\/posts\/56456","targetHints":{"allow":["GET"]}}],"collection":[{"href":"https:\/\/www.cordobatimes.com\/showup\/wp-json\/wp\/v2\/posts"}],"about":[{"href":"https:\/\/www.cordobatimes.com\/showup\/wp-json\/wp\/v2\/types\/post"}],"author":[{"embeddable":true,"href":"https:\/\/www.cordobatimes.com\/showup\/wp-json\/wp\/v2\/users\/1"}],"replies":[{"embeddable":true,"href":"https:\/\/www.cordobatimes.com\/showup\/wp-json\/wp\/v2\/comments?post=56456"}],"version-history":[{"count":0,"href":"https:\/\/www.cordobatimes.com\/showup\/wp-json\/wp\/v2\/posts\/56456\/revisions"}],"wp:featuredmedia":[{"embeddable":true,"href":"https:\/\/www.cordobatimes.com\/showup\/wp-json\/wp\/v2\/media\/56457"}],"wp:attachment":[{"href":"https:\/\/www.cordobatimes.com\/showup\/wp-json\/wp\/v2\/media?parent=56456"}],"wp:term":[{"taxonomy":"category","embeddable":true,"href":"https:\/\/www.cordobatimes.com\/showup\/wp-json\/wp\/v2\/categories?post=56456"},{"taxonomy":"post_tag","embeddable":true,"href":"https:\/\/www.cordobatimes.com\/showup\/wp-json\/wp\/v2\/tags?post=56456"}],"curies":[{"name":"wp","href":"https:\/\/api.w.org\/{rel}","templated":true}]}}