{"id":56180,"date":"2017-10-02T09:33:54","date_gmt":"2017-10-02T12:33:54","guid":{"rendered":"http:\/\/www.cordobatimes.com\/showup\/?p=56180"},"modified":"2020-06-06T10:01:57","modified_gmt":"2020-06-06T13:01:57","slug":"zama-la-pelicula-argentina-elegida-representar-pais-los-premios-oscar-goya","status":"publish","type":"post","link":"https:\/\/www.cordobatimes.com\/showup\/cine-y-series\/2017\/10\/02\/zama-la-pelicula-argentina-elegida-representar-pais-los-premios-oscar-goya\/","title":{"rendered":"Zama es la pel\u00edcula argentina elegida para representar a nuestro pa\u00eds en los premios Oscar y Goya"},"content":{"rendered":"<h3><strong>La Academia de las artes y ciencias cinematogr\u00e1ficas de la Argentina design\u00f3 al film para pujar en las prestigiosas competencias internacionales.<\/strong><\/h3>\n<p>La Academia de las artes y ciencias cinematogr\u00e1ficas de la Argentina eligi\u00f3 este viernes a\u00a0Zama\u00a0como la pel\u00edcula que representar\u00e1 al pa\u00eds en los premios\u00a0Oscar\u00a0y\u00a0Goya. De esta manera, el film de\u00a0Lucrecia Martel\u00a0aspirar\u00e1 a competir en la categor\u00eda Mejor Pel\u00edcula Extranjera en las ceremonia de Hollywood, y pujar\u00e1 un lugar en la terna por el galard\u00f3n a Mejor Pel\u00edcula Iberoamericana de la Academia de Cine de Espa\u00f1a.<\/p>\n<p><iframe loading=\"lazy\" src=\"https:\/\/www.youtube.com\/embed\/XZLXAnVZT3k\" width=\"560\" height=\"315\" frameborder=\"0\" allowfullscreen=\"allowfullscreen\"><\/iframe><\/p>\n<p>La decisi\u00f3n se tom\u00f3 con la participaron los votos de 164 asociados, que optaron entre 146 pel\u00edculas para el Oscar y 139 pel\u00edculas para el Goya.<\/p>\n<p>Desde el 2004 en adelante, las pel\u00edculas seleccionadas por la Academia de Cine sumaron dos nominaciones para el Oscar, uno de ellos ganado; y 11 nominaciones para el Goya con 8 premios ganados.<\/p>\n","protected":false},"excerpt":{"rendered":"<p>La Academia de las artes y ciencias cinematogr\u00e1ficas de la Argentina design\u00f3 al film para pujar en las prestigiosas competencias internacionales. La Academia de las artes y ciencias cinematogr\u00e1ficas de la Argentina eligi\u00f3 este viernes a\u00a0Zama\u00a0como la pel\u00edcula que representar\u00e1 al pa\u00eds en los premios\u00a0Oscar\u00a0y\u00a0Goya. De esta manera, el film de\u00a0Lucrecia Martel\u00a0aspirar\u00e1 a competir en [&hellip;]<\/p>\n","protected":false},"author":1,"featured_media":56181,"comment_status":"closed","ping_status":"closed","sticky":false,"template":"","format":"standard","meta":{"_seopress_robots_primary_cat":"","_seopress_titles_title":"","_seopress_titles_desc":"","_seopress_robots_index":"","footnotes":""},"categories":[3],"tags":[31822],"class_list":{"0":"post-56180","1":"post","2":"type-post","3":"status-publish","4":"format-standard","5":"has-post-thumbnail","7":"category-cine-y-series","8":"tag-zama-pelicula-argentina-elegida-premios-oscar-y-goya"},"_links":{"self":[{"href":"https:\/\/www.cordobatimes.com\/showup\/wp-json\/wp\/v2\/posts\/56180","targetHints":{"allow":["GET"]}}],"collection":[{"href":"https:\/\/www.cordobatimes.com\/showup\/wp-json\/wp\/v2\/posts"}],"about":[{"href":"https:\/\/www.cordobatimes.com\/showup\/wp-json\/wp\/v2\/types\/post"}],"author":[{"embeddable":true,"href":"https:\/\/www.cordobatimes.com\/showup\/wp-json\/wp\/v2\/users\/1"}],"replies":[{"embeddable":true,"href":"https:\/\/www.cordobatimes.com\/showup\/wp-json\/wp\/v2\/comments?post=56180"}],"version-history":[{"count":0,"href":"https:\/\/www.cordobatimes.com\/showup\/wp-json\/wp\/v2\/posts\/56180\/revisions"}],"wp:featuredmedia":[{"embeddable":true,"href":"https:\/\/www.cordobatimes.com\/showup\/wp-json\/wp\/v2\/media\/56181"}],"wp:attachment":[{"href":"https:\/\/www.cordobatimes.com\/showup\/wp-json\/wp\/v2\/media?parent=56180"}],"wp:term":[{"taxonomy":"category","embeddable":true,"href":"https:\/\/www.cordobatimes.com\/showup\/wp-json\/wp\/v2\/categories?post=56180"},{"taxonomy":"post_tag","embeddable":true,"href":"https:\/\/www.cordobatimes.com\/showup\/wp-json\/wp\/v2\/tags?post=56180"}],"curies":[{"name":"wp","href":"https:\/\/api.w.org\/{rel}","templated":true}]}}