{"id":56071,"date":"2017-09-26T18:37:04","date_gmt":"2017-09-26T21:37:04","guid":{"rendered":"http:\/\/www.cordobatimes.com\/showup\/?p=56071"},"modified":"2020-05-29T09:12:23","modified_gmt":"2020-05-29T12:12:23","slug":"ya-anunciaron-la-fecha-estreno-it-2","status":"publish","type":"post","link":"https:\/\/www.cordobatimes.com\/showup\/cine-y-series\/2017\/09\/26\/ya-anunciaron-la-fecha-estreno-it-2\/","title":{"rendered":"Ya anunciaron la fecha de estreno de It 2"},"content":{"rendered":"<h3><strong>Despu\u00e9s de el abrumador \u00e9xito de esta nueva adaptaci\u00f3n de la novela de Stephen King, se confirm\u00f3 que habr\u00e1 una segunda parte.<\/strong><\/h3>\n<p>El \u00e9xito de\u00a0It\u00a0fue abrumador, no s\u00f3lo en Estados Unidos\u00a0donde se convirti\u00f3 como el mejor estreno de terror de toda la historia, sino\u00a0tambi\u00e9n en Argentina. Ya recaud\u00f3 500 millones de d\u00f3lares en s\u00f3lo dos semanas y media en cartelera. Y era obvio que una segunda parte estaba servida.<\/p>\n<p>Se conoci\u00f3 que\u00a0It: cap\u00edtulo 2\u00a0se estrenar\u00e1 el 6 de setiembre de 2019. La pel\u00edcula se centrar\u00e1 en la segunda parte de la novela de Stephen King, que se sit\u00faa 27 a\u00f1os despu\u00e9s de esta primera parte.<\/p>\n<p>Todav\u00eda no se ha mencionado qui\u00e9nes ser\u00e1n parte del elenco, pero muchos rumores apuntan a que Jessica Chastain interprete la versi\u00f3n adulta de Beverly, algo que que el propio director argentino Andr\u00e9s Muschietti lo mencion\u00f3 como una posibilidad.<\/p>\n<p>Habr\u00e1 que esperar.<\/p>\n","protected":false},"excerpt":{"rendered":"<p>Despu\u00e9s de el abrumador \u00e9xito de esta nueva adaptaci\u00f3n de la novela de Stephen King, se confirm\u00f3 que habr\u00e1 una segunda parte. El \u00e9xito de\u00a0It\u00a0fue abrumador, no s\u00f3lo en Estados Unidos\u00a0donde se convirti\u00f3 como el mejor estreno de terror de toda la historia, sino\u00a0tambi\u00e9n en Argentina. Ya recaud\u00f3 500 millones de d\u00f3lares en s\u00f3lo dos [&hellip;]<\/p>\n","protected":false},"author":1,"featured_media":56072,"comment_status":"closed","ping_status":"closed","sticky":false,"template":"","format":"standard","meta":{"_seopress_robots_primary_cat":"","_seopress_titles_title":"","_seopress_titles_desc":"","_seopress_robots_index":"","footnotes":""},"categories":[3],"tags":[19029,31727,18693,19282,19283],"class_list":{"0":"post-56071","1":"post","2":"type-post","3":"status-publish","4":"format-standard","5":"has-post-thumbnail","7":"category-cine-y-series","8":"tag-adaptacion-de-la-novela-de-stephen-king","9":"tag-fecha-de-estreno-de-it-2","10":"tag-it","11":"tag-it-2","12":"tag-novela-de-stephen-king"},"_links":{"self":[{"href":"https:\/\/www.cordobatimes.com\/showup\/wp-json\/wp\/v2\/posts\/56071","targetHints":{"allow":["GET"]}}],"collection":[{"href":"https:\/\/www.cordobatimes.com\/showup\/wp-json\/wp\/v2\/posts"}],"about":[{"href":"https:\/\/www.cordobatimes.com\/showup\/wp-json\/wp\/v2\/types\/post"}],"author":[{"embeddable":true,"href":"https:\/\/www.cordobatimes.com\/showup\/wp-json\/wp\/v2\/users\/1"}],"replies":[{"embeddable":true,"href":"https:\/\/www.cordobatimes.com\/showup\/wp-json\/wp\/v2\/comments?post=56071"}],"version-history":[{"count":0,"href":"https:\/\/www.cordobatimes.com\/showup\/wp-json\/wp\/v2\/posts\/56071\/revisions"}],"wp:featuredmedia":[{"embeddable":true,"href":"https:\/\/www.cordobatimes.com\/showup\/wp-json\/wp\/v2\/media\/56072"}],"wp:attachment":[{"href":"https:\/\/www.cordobatimes.com\/showup\/wp-json\/wp\/v2\/media?parent=56071"}],"wp:term":[{"taxonomy":"category","embeddable":true,"href":"https:\/\/www.cordobatimes.com\/showup\/wp-json\/wp\/v2\/categories?post=56071"},{"taxonomy":"post_tag","embeddable":true,"href":"https:\/\/www.cordobatimes.com\/showup\/wp-json\/wp\/v2\/tags?post=56071"}],"curies":[{"name":"wp","href":"https:\/\/api.w.org\/{rel}","templated":true}]}}