{"id":55947,"date":"2017-09-22T09:36:48","date_gmt":"2017-09-22T12:36:48","guid":{"rendered":"http:\/\/www.cordobatimes.com\/showup\/?p=55947"},"modified":"2020-05-29T10:19:07","modified_gmt":"2020-05-29T13:19:07","slug":"pampita-tomo-partido-la-pelea-melina-lezcano-joel-ledesma","status":"publish","type":"post","link":"https:\/\/www.cordobatimes.com\/showup\/showmatch\/2017\/09\/22\/pampita-tomo-partido-la-pelea-melina-lezcano-joel-ledesma\/","title":{"rendered":"Pampita tom\u00f3 partido en la pelea de Melina Lezcano con Joel Ledesma"},"content":{"rendered":"<h3><strong>Tras el fuerte cruce que mantuvo la pareja de baile, la jurado se dirigi\u00f3 hacia la cantante y fue tajante.<\/strong><\/h3>\n<p>Pese a que mantiene el perfil bajo y no suele aparecer su nombre entre las pol\u00e9micas del\u00a0Bailando,\u00a0Melina Lezcano\u00a0se convirti\u00f3 en noticia luego de que pidiera el reemplazo de su bailar\u00edn.<\/p>\n<p>En medio de la discusi\u00f3n entre la participante y\u00a0Joel Ledesma, en la que cada uno expuso su punto de vista,\u00a0Pampita\u00a0tom\u00f3 la palabra y se dirigi\u00f3 de forma tajante hacia la cantante.<\/p>\n<p><iframe loading=\"lazy\" src=\"https:\/\/www.youtube.com\/embed\/qZd3mEUyUp8\" width=\"560\" height=\"315\" frameborder=\"0\" allowfullscreen=\"allowfullscreen\"><\/iframe><\/p>\n","protected":false},"excerpt":{"rendered":"<p>Tras el fuerte cruce que mantuvo la pareja de baile, la jurado se dirigi\u00f3 hacia la cantante y fue tajante. Pese a que mantiene el perfil bajo y no suele aparecer su nombre entre las pol\u00e9micas del\u00a0Bailando,\u00a0Melina Lezcano\u00a0se convirti\u00f3 en noticia luego de que pidiera el reemplazo de su bailar\u00edn. En medio de la discusi\u00f3n [&hellip;]<\/p>\n","protected":false},"author":1,"featured_media":55948,"comment_status":"closed","ping_status":"closed","sticky":false,"template":"","format":"standard","meta":{"_seopress_robots_primary_cat":"","_seopress_titles_title":"","_seopress_titles_desc":"","_seopress_robots_index":"","footnotes":""},"categories":[477],"tags":[19172,1715,19171],"class_list":{"0":"post-55947","1":"post","2":"type-post","3":"status-publish","4":"format-standard","5":"has-post-thumbnail","7":"category-showmatch","8":"tag-melina-lezcano-y-joel-ledesma","9":"tag-pampita","10":"tag-pelea-de-melina-lezcano-con-joel-ledesma"},"_links":{"self":[{"href":"https:\/\/www.cordobatimes.com\/showup\/wp-json\/wp\/v2\/posts\/55947","targetHints":{"allow":["GET"]}}],"collection":[{"href":"https:\/\/www.cordobatimes.com\/showup\/wp-json\/wp\/v2\/posts"}],"about":[{"href":"https:\/\/www.cordobatimes.com\/showup\/wp-json\/wp\/v2\/types\/post"}],"author":[{"embeddable":true,"href":"https:\/\/www.cordobatimes.com\/showup\/wp-json\/wp\/v2\/users\/1"}],"replies":[{"embeddable":true,"href":"https:\/\/www.cordobatimes.com\/showup\/wp-json\/wp\/v2\/comments?post=55947"}],"version-history":[{"count":0,"href":"https:\/\/www.cordobatimes.com\/showup\/wp-json\/wp\/v2\/posts\/55947\/revisions"}],"wp:featuredmedia":[{"embeddable":true,"href":"https:\/\/www.cordobatimes.com\/showup\/wp-json\/wp\/v2\/media\/55948"}],"wp:attachment":[{"href":"https:\/\/www.cordobatimes.com\/showup\/wp-json\/wp\/v2\/media?parent=55947"}],"wp:term":[{"taxonomy":"category","embeddable":true,"href":"https:\/\/www.cordobatimes.com\/showup\/wp-json\/wp\/v2\/categories?post=55947"},{"taxonomy":"post_tag","embeddable":true,"href":"https:\/\/www.cordobatimes.com\/showup\/wp-json\/wp\/v2\/tags?post=55947"}],"curies":[{"name":"wp","href":"https:\/\/api.w.org\/{rel}","templated":true}]}}