{"id":55919,"date":"2017-09-21T11:32:00","date_gmt":"2017-09-21T14:32:00","guid":{"rendered":"http:\/\/www.cordobatimes.com\/showup\/?p=55919"},"modified":"2020-05-29T10:36:43","modified_gmt":"2020-05-29T13:36:43","slug":"cruce-melina-lezcano-bailarin-una-desafortunada-frase-la-villa","status":"publish","type":"post","link":"https:\/\/www.cordobatimes.com\/showup\/showmatch\/2017\/09\/21\/cruce-melina-lezcano-bailarin-una-desafortunada-frase-la-villa\/","title":{"rendered":"El cruce de Melina Lezcano con su bailar\u00edn y una desafortunada frase sobre la villa"},"content":{"rendered":"<h3><strong>La participante se angusti\u00f3 tras mantener un tenso cara a cara con\u00a0Joel Ledesma.<\/strong><\/h3>\n<p>No fue f\u00e1cil. Pero\u00a0Melina Lezcano\u00a0decidi\u00f3 cambiar el bailar\u00edn que la acompa\u00f1a en las coreograf\u00edas que presenta en\u00a0Bailando 2017\u00a0y que\u00a0Joel Ledesma\u00a0sea reemplazo hasta que finalice su participaci\u00f3n en el programa.<\/p>\n<p>\u00ab\u00a1Si tom\u00e9 esta decisi\u00f3n es porque la estaba pasando muy mal!\u00bb,\u00a0hab\u00eda argumentadola participante en\u00a0Twitter. Pero eso no fue todo. El mal momento de la cantante continu\u00f3 ante las c\u00e1maras donde no pudo contener las l\u00e1grimas tras mantener un tenso cara a cara con su partenaire.<\/p>\n<p><iframe loading=\"lazy\" src=\"https:\/\/www.youtube.com\/embed\/TlJ8PZUXtnw\" width=\"560\" height=\"315\" frameborder=\"0\" allowfullscreen=\"allowfullscreen\"><\/iframe><\/p>\n","protected":false},"excerpt":{"rendered":"<p>La participante se angusti\u00f3 tras mantener un tenso cara a cara con\u00a0Joel Ledesma. No fue f\u00e1cil. Pero\u00a0Melina Lezcano\u00a0decidi\u00f3 cambiar el bailar\u00edn que la acompa\u00f1a en las coreograf\u00edas que presenta en\u00a0Bailando 2017\u00a0y que\u00a0Joel Ledesma\u00a0sea reemplazo hasta que finalice su participaci\u00f3n en el programa. \u00ab\u00a1Si tom\u00e9 esta decisi\u00f3n es porque la estaba pasando muy mal!\u00bb,\u00a0hab\u00eda argumentadola participante [&hellip;]<\/p>\n","protected":false},"author":1,"featured_media":55920,"comment_status":"closed","ping_status":"closed","sticky":false,"template":"","format":"standard","meta":{"_seopress_robots_primary_cat":"","_seopress_titles_title":"","_seopress_titles_desc":"","_seopress_robots_index":"","footnotes":""},"categories":[477],"tags":[19154,19172],"class_list":{"0":"post-55919","1":"post","2":"type-post","3":"status-publish","4":"format-standard","5":"has-post-thumbnail","7":"category-showmatch","8":"tag-melina-lezcano-con-su-bailarin","9":"tag-melina-lezcano-y-joel-ledesma"},"_links":{"self":[{"href":"https:\/\/www.cordobatimes.com\/showup\/wp-json\/wp\/v2\/posts\/55919","targetHints":{"allow":["GET"]}}],"collection":[{"href":"https:\/\/www.cordobatimes.com\/showup\/wp-json\/wp\/v2\/posts"}],"about":[{"href":"https:\/\/www.cordobatimes.com\/showup\/wp-json\/wp\/v2\/types\/post"}],"author":[{"embeddable":true,"href":"https:\/\/www.cordobatimes.com\/showup\/wp-json\/wp\/v2\/users\/1"}],"replies":[{"embeddable":true,"href":"https:\/\/www.cordobatimes.com\/showup\/wp-json\/wp\/v2\/comments?post=55919"}],"version-history":[{"count":0,"href":"https:\/\/www.cordobatimes.com\/showup\/wp-json\/wp\/v2\/posts\/55919\/revisions"}],"wp:featuredmedia":[{"embeddable":true,"href":"https:\/\/www.cordobatimes.com\/showup\/wp-json\/wp\/v2\/media\/55920"}],"wp:attachment":[{"href":"https:\/\/www.cordobatimes.com\/showup\/wp-json\/wp\/v2\/media?parent=55919"}],"wp:term":[{"taxonomy":"category","embeddable":true,"href":"https:\/\/www.cordobatimes.com\/showup\/wp-json\/wp\/v2\/categories?post=55919"},{"taxonomy":"post_tag","embeddable":true,"href":"https:\/\/www.cordobatimes.com\/showup\/wp-json\/wp\/v2\/tags?post=55919"}],"curies":[{"name":"wp","href":"https:\/\/api.w.org\/{rel}","templated":true}]}}