{"id":55910,"date":"2017-09-20T13:17:26","date_gmt":"2017-09-20T16:17:26","guid":{"rendered":"http:\/\/www.cordobatimes.com\/showup\/?p=55910"},"modified":"2020-05-29T10:50:15","modified_gmt":"2020-05-29T13:50:15","slug":"20-anos-despues-las-chicas-superpoderosas-suman-una-hermana","status":"publish","type":"post","link":"https:\/\/www.cordobatimes.com\/showup\/tv\/2017\/09\/20\/20-anos-despues-las-chicas-superpoderosas-suman-una-hermana\/","title":{"rendered":"20 a\u00f1os despu\u00e9s las Chicas Superpoderosas suman una hermana"},"content":{"rendered":"<h3><strong>Los cl\u00e1sicos personajes animados cumplir\u00e1n dos d\u00e9cadas en 2018.<\/strong><\/h3>\n<p>Ya no ser\u00e1n m\u00e1s las tres B: a Bomb\u00f3n, Burbuja y Bellota se les suma Brisa, una hermana mayor desconocida hasta ahora.<\/p>\n<p>La serie Las Chicas Superpoderosas, que marcaron a toda una generaci\u00f3n de ni\u00f1as a finales de la d\u00e9cada de 1990, vendr\u00e1n con cambios a partir del 19 de octubre, con un especial de\u00a0Cartoon Network.<\/p>\n<p>Brisa es la hermana no conocida de Bomb\u00f3n, Burbuja y Bellota, que llega a Saltadilla para descubrir la verdadera fuerza de sus poderes, entre los que se incluyen el vuelo, la teletransportaci\u00f3n, la telekinesis y s\u00faper fuerza<\/p>\n<p>En el especial Cuatro al poder, Brisa har\u00e1 su debut en\u00a0Las Chicas Superpoderosas: Cuatro al Poder, y se conocer\u00e1 algo de su (misterioso) origen.<\/p>\n<p>Antes de crear a Bomb\u00f3n, Burbuja y Bellota, el Profesor Utonio cre\u00f3 a una peque\u00f1a ni\u00f1a llamada Brisa con las mismas caracter\u00edsticas: era inteligente, dulce y muy poderosa. Despu\u00e9s de una misteriosa desaparici\u00f3n, nadie la vio en muchos a\u00f1os. Ahora es una adolescente y regres\u00f3 para descubrir que tiene tres incre\u00edbles hermanas superpoderosas.<\/p>\n<p>Reunidas como una familia y con el poder de su gran uni\u00f3n, las cuatro chicas superpoderosas usar\u00e1n sus poderes para salvar al mundo.<\/p>\n<h3 class=\"SubTitulo\"><strong>El origen<\/strong><\/h3>\n<p>La serie animada creada por Craig McCracken naci\u00f3 con las tres ni\u00f1as con superpoderes que viven en las afueras de Saltadilla, ciudad a la que suelen salvar de criminales o monstruos.<\/p>\n<p>Originalmente fue pensada como un corto animado, luego integr\u00f3 un segmento de Cartoon Network entre 1995 y 1996, y en 1998 tuvo su debut con serie propia.<\/p>\n","protected":false},"excerpt":{"rendered":"<p>Los cl\u00e1sicos personajes animados cumplir\u00e1n dos d\u00e9cadas en 2018. Ya no ser\u00e1n m\u00e1s las tres B: a Bomb\u00f3n, Burbuja y Bellota se les suma Brisa, una hermana mayor desconocida hasta ahora. La serie Las Chicas Superpoderosas, que marcaron a toda una generaci\u00f3n de ni\u00f1as a finales de la d\u00e9cada de 1990, vendr\u00e1n con cambios a [&hellip;]<\/p>\n","protected":false},"author":1,"featured_media":55911,"comment_status":"closed","ping_status":"closed","sticky":false,"template":"","format":"standard","meta":{"_seopress_robots_primary_cat":"","_seopress_titles_title":"","_seopress_titles_desc":"","_seopress_robots_index":"","footnotes":""},"categories":[2],"tags":[19146,31737,19142,19147],"class_list":{"0":"post-55910","1":"post","2":"type-post","3":"status-publish","4":"format-standard","5":"has-post-thumbnail","7":"category-tv","8":"tag-bombon-burbuja-y-bellota","9":"tag-brisa-las-chicas-super-poderosas","10":"tag-las-chicas-superpoderosas","11":"tag-serie-las-chicas-superpoderosas"},"_links":{"self":[{"href":"https:\/\/www.cordobatimes.com\/showup\/wp-json\/wp\/v2\/posts\/55910","targetHints":{"allow":["GET"]}}],"collection":[{"href":"https:\/\/www.cordobatimes.com\/showup\/wp-json\/wp\/v2\/posts"}],"about":[{"href":"https:\/\/www.cordobatimes.com\/showup\/wp-json\/wp\/v2\/types\/post"}],"author":[{"embeddable":true,"href":"https:\/\/www.cordobatimes.com\/showup\/wp-json\/wp\/v2\/users\/1"}],"replies":[{"embeddable":true,"href":"https:\/\/www.cordobatimes.com\/showup\/wp-json\/wp\/v2\/comments?post=55910"}],"version-history":[{"count":0,"href":"https:\/\/www.cordobatimes.com\/showup\/wp-json\/wp\/v2\/posts\/55910\/revisions"}],"wp:featuredmedia":[{"embeddable":true,"href":"https:\/\/www.cordobatimes.com\/showup\/wp-json\/wp\/v2\/media\/55911"}],"wp:attachment":[{"href":"https:\/\/www.cordobatimes.com\/showup\/wp-json\/wp\/v2\/media?parent=55910"}],"wp:term":[{"taxonomy":"category","embeddable":true,"href":"https:\/\/www.cordobatimes.com\/showup\/wp-json\/wp\/v2\/categories?post=55910"},{"taxonomy":"post_tag","embeddable":true,"href":"https:\/\/www.cordobatimes.com\/showup\/wp-json\/wp\/v2\/tags?post=55910"}],"curies":[{"name":"wp","href":"https:\/\/api.w.org\/{rel}","templated":true}]}}