{"id":55870,"date":"2017-09-19T11:39:37","date_gmt":"2017-09-19T14:39:37","guid":{"rendered":"http:\/\/www.cordobatimes.com\/showup\/?p=55870"},"modified":"2020-05-29T13:47:28","modified_gmt":"2020-05-29T16:47:28","slug":"linkin-park-realizara-show-homenajear-lider","status":"publish","type":"post","link":"https:\/\/www.cordobatimes.com\/showup\/musica\/2017\/09\/19\/linkin-park-realizara-show-homenajear-lider\/","title":{"rendered":"Linkin Park realizar\u00e1 un show para homenajear a su l\u00edder"},"content":{"rendered":"<h3><strong>Ser\u00e1 en el Hollywood Bowl, en Los \u00c1ngeles<\/strong>.<\/h3>\n<p>La banda estadounidense\u00a0Linkin Park\u00a0anunci\u00f3 la realizaci\u00f3n de un concierto, el pr\u00f3ximo 27 de octubre, en el legendario Hollywood Bowl, en homenaje a\u00a0Chester Bennington, el cantante del grupo que se suicid\u00f3 el 20 de julio \u00faltimo en la ciudad de Los \u00c1ngeles, a los 41 a\u00f1os.<\/p>\n<p>\u00abLinkin Park anuncia un espect\u00e1culo especial en honor a Chester\u00bb, anunci\u00f3 el grupo en su cuenta oficial de Facebook, en donde afirm\u00f3 que \u00abla banda ser\u00e1 unida por un n\u00famero de otros artistas, por una noche inolvidable de m\u00fasica para honrar el el hombre que toc\u00f3 la vida de tantos en todo el mundo\u00bb.<\/p>\n<p>Adem\u00e1s, la banda present\u00f3 su nuevo v\u00eddeo musical del tema\u00a0One more light,\u00a0dirigido por Joe Hahn y Mark Fiore, basado en im\u00e1genes del recordado vocalista.<\/p>\n<div class=\"body\">\n<p>Con m\u00e1s de 70 millones de discos vendidos y varios premios grammy en su haber, Linkin Park es una de las bandas m\u00e1s populares del denominado Nu Metal.A pesar de la fama, Bennington atraves\u00f3 momentos de profunda depresi\u00f3n, en los que abus\u00f3 del consumo de drogas y alcohol, seg\u00fan sus dichos producto de haber sido abusado cuando era ni\u00f1o.<\/p>\n<p>Su suicidio se produjo dos meses despu\u00e9s del de su amigo Chris Cornell, l\u00edder de Soundgarden y Audioslave.<\/p>\n<p>Linkin Park se hab\u00eda presentado el pasado 6 de mayo en el pa\u00eds, en el marco del Maximus Festival, que se llev\u00f3 a cabo en la sede de Tecn\u00f3polis.<\/p>\n<\/div>\n<div class=\"ng-isolate-scope\"><\/div>\n","protected":false},"excerpt":{"rendered":"<p>Ser\u00e1 en el Hollywood Bowl, en Los \u00c1ngeles. La banda estadounidense\u00a0Linkin Park\u00a0anunci\u00f3 la realizaci\u00f3n de un concierto, el pr\u00f3ximo 27 de octubre, en el legendario Hollywood Bowl, en homenaje a\u00a0Chester Bennington, el cantante del grupo que se suicid\u00f3 el 20 de julio \u00faltimo en la ciudad de Los \u00c1ngeles, a los 41 a\u00f1os. \u00abLinkin Park [&hellip;]<\/p>\n","protected":false},"author":1,"featured_media":55871,"comment_status":"closed","ping_status":"closed","sticky":false,"template":"","format":"standard","meta":{"_seopress_robots_primary_cat":"","_seopress_titles_title":"","_seopress_titles_desc":"","_seopress_robots_index":"","footnotes":""},"categories":[5],"tags":[18404,19128,19127],"class_list":{"0":"post-55870","1":"post","2":"type-post","3":"status-publish","4":"format-standard","5":"has-post-thumbnail","7":"category-musica","8":"tag-homenaje-a-chester-bennington","9":"tag-linkin-park-homenaje","10":"tag-linkin-park-realizara-un-show"},"_links":{"self":[{"href":"https:\/\/www.cordobatimes.com\/showup\/wp-json\/wp\/v2\/posts\/55870","targetHints":{"allow":["GET"]}}],"collection":[{"href":"https:\/\/www.cordobatimes.com\/showup\/wp-json\/wp\/v2\/posts"}],"about":[{"href":"https:\/\/www.cordobatimes.com\/showup\/wp-json\/wp\/v2\/types\/post"}],"author":[{"embeddable":true,"href":"https:\/\/www.cordobatimes.com\/showup\/wp-json\/wp\/v2\/users\/1"}],"replies":[{"embeddable":true,"href":"https:\/\/www.cordobatimes.com\/showup\/wp-json\/wp\/v2\/comments?post=55870"}],"version-history":[{"count":0,"href":"https:\/\/www.cordobatimes.com\/showup\/wp-json\/wp\/v2\/posts\/55870\/revisions"}],"wp:featuredmedia":[{"embeddable":true,"href":"https:\/\/www.cordobatimes.com\/showup\/wp-json\/wp\/v2\/media\/55871"}],"wp:attachment":[{"href":"https:\/\/www.cordobatimes.com\/showup\/wp-json\/wp\/v2\/media?parent=55870"}],"wp:term":[{"taxonomy":"category","embeddable":true,"href":"https:\/\/www.cordobatimes.com\/showup\/wp-json\/wp\/v2\/categories?post=55870"},{"taxonomy":"post_tag","embeddable":true,"href":"https:\/\/www.cordobatimes.com\/showup\/wp-json\/wp\/v2\/tags?post=55870"}],"curies":[{"name":"wp","href":"https:\/\/api.w.org\/{rel}","templated":true}]}}