{"id":55601,"date":"2017-09-10T22:00:14","date_gmt":"2017-09-11T01:00:14","guid":{"rendered":"http:\/\/www.cordobatimes.com\/showup\/?p=55601"},"modified":"2020-05-31T12:43:10","modified_gmt":"2020-05-31T15:43:10","slug":"lady-gaga-se-tomara-descanso-la-musica","status":"publish","type":"post","link":"https:\/\/www.cordobatimes.com\/showup\/musica\/2017\/09\/10\/lady-gaga-se-tomara-descanso-la-musica\/","title":{"rendered":"Lady Gaga se tomar\u00e1 un descanso de la m\u00fasica"},"content":{"rendered":"<h3><strong>Entre l\u00e1grimas, la cantante anunci\u00f3 que planea \u201chacer una pausa\u201d por tiempo indefinido.<\/strong><\/h3>\n<p>Lady Gaga\u00a0anunci\u00f3 en el Festival Internacional de Cine de Toronto (TIFF), donde se proyecta un documental sobre su vida, que va a abandonar temporalmente el mundo de la m\u00fasica.<\/p>\n<p>La artista afirm\u00f3 durante una rueda de prensa:\u00a0\u201cme voy a dar un descanso\u201d.\u00a0\u201cQuiero hacer una pausa, no s\u00e9 por cu\u00e1nto tiempo\u201d, agreg\u00f3, aunque aclar\u00f3 que seguir\u00e1 \u201ccreando\u201d ya que tiene ideas y proyectos en los que est\u00e1 pensando.<\/p>\n<p>El anuncio de Lady Gaga coincidi\u00f3 con el estreno mundial en el TIFF del documental\u00a0<em>Gaga: Five Foot Two\u00a0<\/em>para Netflix, que ver\u00e1 la luz el 22 de septiembre.<\/p>\n<p>El documental se concentra en el proceso de creaci\u00f3n del \u00e1lbum \u201cJoanne\u201d que lanz\u00f3 en 2016 y en las reflexiones de la cantante sobre su carrera musical. Pero\u00a0el documental tambi\u00e9n muestra la lucha de Lady Gaga contra el dolor f\u00edsico cr\u00f3nico que sufre.<\/p>\n<blockquote class=\"instagram-media\" style=\"background: #FFF; border: 0; border-radius: 3px; box-shadow: 0 0 1px 0 rgba(0,0,0,0.5),0 1px 10px 0 rgba(0,0,0,0.15); margin: 1px; max-width: 658px; padding: 0; width: calc(100% - 2px);\" data-instgrm-captioned=\"\" data-instgrm-version=\"7\">\n<div style=\"padding: 8px;\">\n<div style=\"background: #F8F8F8; line-height: 0; margin-top: 40px; padding: 28.10185185185185% 0; text-align: center; width: 100%;\"><\/div>\n<p style=\"margin: 8px 0 0 0; padding: 0 4px;\"><a style=\"color: #000; font-family: Arial,sans-serif; font-size: 14px; font-style: normal; font-weight: normal; line-height: 17px; text-decoration: none; word-wrap: break-word;\" href=\"https:\/\/www.instagram.com\/p\/BYuE30_gFV7\/\" target=\"_blank\" rel=\"noopener noreferrer\">#GagaFiveFootTwo<\/a><\/p>\n<p style=\"color: #c9c8cd; font-family: Arial,sans-serif; font-size: 14px; line-height: 17px; margin-bottom: 0; margin-top: 8px; overflow: hidden; padding: 8px 0 7px; text-align: center; text-overflow: ellipsis; white-space: nowrap;\">Una publicaci\u00f3n compartida de xoxo, Gaga (@ladygaga) el <time style=\"font-family: Arial,sans-serif; font-size: 14px; line-height: 17px;\" datetime=\"2017-09-07T00:37:21+00:00\">6 de Sep de 2017 a la(s) 5:37 PDT<\/time><\/p>\n<\/div>\n<\/blockquote>\n<p><script async defer src=\"\/\/platform.instagram.com\/en_US\/embeds.js\"><\/script><\/p>\n<p>La \u201cMadre Monster\u201d dijo, con l\u00e1grimas en los ojos que necesitaba \u201calgo de recuperaci\u00f3n para sanar\u201d y que era \u201cliberador\u201d poder hablar del dolor que sufre.<\/p>\n<p>La cantante ha hecho referencia en diversas oportunidades a su lucha contra la depresi\u00f3n, sus problemas alimenticios y sus enfermedades cr\u00f3nicas durante su carrera, que ya cuenta con cinco \u00e1lbumes y varios premios.<\/p>\n","protected":false},"excerpt":{"rendered":"<p>Entre l\u00e1grimas, la cantante anunci\u00f3 que planea \u201chacer una pausa\u201d por tiempo indefinido. Lady Gaga\u00a0anunci\u00f3 en el Festival Internacional de Cine de Toronto (TIFF), donde se proyecta un documental sobre su vida, que va a abandonar temporalmente el mundo de la m\u00fasica. La artista afirm\u00f3 durante una rueda de prensa:\u00a0\u201cme voy a dar un descanso\u201d.\u00a0\u201cQuiero [&hellip;]<\/p>\n","protected":false},"author":1,"featured_media":55602,"comment_status":"closed","ping_status":"closed","sticky":false,"template":"","format":"standard","meta":{"_seopress_robots_primary_cat":"","_seopress_titles_title":"","_seopress_titles_desc":"","_seopress_robots_index":"","footnotes":""},"categories":[5],"tags":[19011,19012,8897,19013],"class_list":{"0":"post-55601","1":"post","2":"type-post","3":"status-publish","4":"format-standard","5":"has-post-thumbnail","7":"category-musica","8":"tag-el-anuncio-de-lady-gaga","9":"tag-el-documental-gaga-five-foot-two","10":"tag-festival-internacional-de-cine-de-toronto","11":"tag-gaga-five-foot-two"},"_links":{"self":[{"href":"https:\/\/www.cordobatimes.com\/showup\/wp-json\/wp\/v2\/posts\/55601","targetHints":{"allow":["GET"]}}],"collection":[{"href":"https:\/\/www.cordobatimes.com\/showup\/wp-json\/wp\/v2\/posts"}],"about":[{"href":"https:\/\/www.cordobatimes.com\/showup\/wp-json\/wp\/v2\/types\/post"}],"author":[{"embeddable":true,"href":"https:\/\/www.cordobatimes.com\/showup\/wp-json\/wp\/v2\/users\/1"}],"replies":[{"embeddable":true,"href":"https:\/\/www.cordobatimes.com\/showup\/wp-json\/wp\/v2\/comments?post=55601"}],"version-history":[{"count":0,"href":"https:\/\/www.cordobatimes.com\/showup\/wp-json\/wp\/v2\/posts\/55601\/revisions"}],"wp:featuredmedia":[{"embeddable":true,"href":"https:\/\/www.cordobatimes.com\/showup\/wp-json\/wp\/v2\/media\/55602"}],"wp:attachment":[{"href":"https:\/\/www.cordobatimes.com\/showup\/wp-json\/wp\/v2\/media?parent=55601"}],"wp:term":[{"taxonomy":"category","embeddable":true,"href":"https:\/\/www.cordobatimes.com\/showup\/wp-json\/wp\/v2\/categories?post=55601"},{"taxonomy":"post_tag","embeddable":true,"href":"https:\/\/www.cordobatimes.com\/showup\/wp-json\/wp\/v2\/tags?post=55601"}],"curies":[{"name":"wp","href":"https:\/\/api.w.org\/{rel}","templated":true}]}}