{"id":55545,"date":"2017-09-08T10:38:59","date_gmt":"2017-09-08T13:38:59","guid":{"rendered":"http:\/\/www.cordobatimes.com\/showup\/?p=55545"},"modified":"2020-05-31T13:01:39","modified_gmt":"2020-05-31T16:01:39","slug":"jimena-baron-presentara-primer-disco-la-trastienda","status":"publish","type":"post","link":"https:\/\/www.cordobatimes.com\/showup\/musica\/2017\/09\/08\/jimena-baron-presentara-primer-disco-la-trastienda\/","title":{"rendered":"Jimena Bar\u00f3n presentar\u00e1 su primer disco en La Trastienda"},"content":{"rendered":"<h3><strong>Luego del \u00e9xito de su primer corte\u00a0La Tonta, Jimena\u00a0se prepara para el lanzamiento de su primer disco como solista\u00a0<\/strong><\/h3>\n<p>Lleva el mismo nombre y desde su debut es \u00e9xito en las plataformas digitales como\u00a0Spotify\u00a0y\u00a0YouTube\u00a0donde alcanz\u00f3 m\u00e1s de ocho millones de reproducciones en muy poco tiempo y causa furor en las redes sociales.<\/p>\n<p><iframe loading=\"lazy\" src=\"https:\/\/www.youtube.com\/embed\/Pf6gxXgrwLc\" width=\"560\" height=\"315\" frameborder=\"0\" allowfullscreen=\"allowfullscreen\"><\/iframe><\/p>\n<p>El disco sale a la venta hoy 8 de septiembre en todas las disquer\u00edas del pa\u00eds y la presentaci\u00f3n oficial ser\u00e1 el 8 de noviembre en La Trastienda, donde\u00a0Jimena Bar\u00f3n cantar\u00e1 junto a su banda. El \u00e1lbum que cuenta con diez temas in\u00e9ditos, comprende baladas donde muestra su lado m\u00e1s sensible, con arreglos de cuerdas y coros, temas rockeros donde se muestra combativa, gui\u00f1os ir\u00f3nicos a la far\u00e1ndula con temas bailables y hooks pegadizos, canciones con groove, elementos de dance, y el corte\u00a0La Tonta\u00a0que da nombre al disco.<\/p>\n","protected":false},"excerpt":{"rendered":"<p>Luego del \u00e9xito de su primer corte\u00a0La Tonta, Jimena\u00a0se prepara para el lanzamiento de su primer disco como solista\u00a0 Lleva el mismo nombre y desde su debut es \u00e9xito en las plataformas digitales como\u00a0Spotify\u00a0y\u00a0YouTube\u00a0donde alcanz\u00f3 m\u00e1s de ocho millones de reproducciones en muy poco tiempo y causa furor en las redes sociales. El disco sale [&hellip;]<\/p>\n","protected":false},"author":1,"featured_media":55546,"comment_status":"closed","ping_status":"closed","sticky":false,"template":"","format":"standard","meta":{"_seopress_robots_primary_cat":"","_seopress_titles_title":"","_seopress_titles_desc":"","_seopress_robots_index":"","footnotes":""},"categories":[5],"tags":[18962,18961],"class_list":{"0":"post-55545","1":"post","2":"type-post","3":"status-publish","4":"format-standard","5":"has-post-thumbnail","7":"category-musica","8":"tag-jimena-baron-en-la-trastienda","9":"tag-jimena-baron-primer-disco"},"_links":{"self":[{"href":"https:\/\/www.cordobatimes.com\/showup\/wp-json\/wp\/v2\/posts\/55545","targetHints":{"allow":["GET"]}}],"collection":[{"href":"https:\/\/www.cordobatimes.com\/showup\/wp-json\/wp\/v2\/posts"}],"about":[{"href":"https:\/\/www.cordobatimes.com\/showup\/wp-json\/wp\/v2\/types\/post"}],"author":[{"embeddable":true,"href":"https:\/\/www.cordobatimes.com\/showup\/wp-json\/wp\/v2\/users\/1"}],"replies":[{"embeddable":true,"href":"https:\/\/www.cordobatimes.com\/showup\/wp-json\/wp\/v2\/comments?post=55545"}],"version-history":[{"count":0,"href":"https:\/\/www.cordobatimes.com\/showup\/wp-json\/wp\/v2\/posts\/55545\/revisions"}],"wp:featuredmedia":[{"embeddable":true,"href":"https:\/\/www.cordobatimes.com\/showup\/wp-json\/wp\/v2\/media\/55546"}],"wp:attachment":[{"href":"https:\/\/www.cordobatimes.com\/showup\/wp-json\/wp\/v2\/media?parent=55545"}],"wp:term":[{"taxonomy":"category","embeddable":true,"href":"https:\/\/www.cordobatimes.com\/showup\/wp-json\/wp\/v2\/categories?post=55545"},{"taxonomy":"post_tag","embeddable":true,"href":"https:\/\/www.cordobatimes.com\/showup\/wp-json\/wp\/v2\/tags?post=55545"}],"curies":[{"name":"wp","href":"https:\/\/api.w.org\/{rel}","templated":true}]}}