{"id":55497,"date":"2017-09-07T10:00:12","date_gmt":"2017-09-07T13:00:12","guid":{"rendered":"http:\/\/www.cordobatimes.com\/showup\/?p=55497"},"modified":"2020-05-31T13:30:38","modified_gmt":"2020-05-31T16:30:38","slug":"mira-video-la-nueva-cancion-u2","status":"publish","type":"post","link":"https:\/\/www.cordobatimes.com\/showup\/musica\/2017\/09\/07\/mira-video-la-nueva-cancion-u2\/","title":{"rendered":"Mir\u00e1 el v\u00eddeo de la nueva canci\u00f3n de U2"},"content":{"rendered":"<h3><strong>Se llama\u00a0You\u2019re the best thing about me\u00a0y forma parte de su \u00faltimo disco\u00a0Songs of Experience.<\/strong><\/h3>\n<p>Semanas atr\u00e1s se conoci\u00f3 otro anticipo llamado\u00a0The Blackout.\u00a0El \u00e1lbum es la continuaci\u00f3n de\u00a0Songs of Innocence\u00a0publicado en 2014. Actualmente la banda se encuentra de gira y llegar\u00e1 a la Argentina, m\u00e1s precisamente al estadio \u00danico de La Plata, los pr\u00f3ximos 10 y 11 de octubre.<\/p>\n<p><iframe loading=\"lazy\" src=\"https:\/\/www.youtube.com\/embed\/PbGSiJ9iat8\" width=\"560\" height=\"315\" frameborder=\"0\" allowfullscreen=\"allowfullscreen\"><\/iframe><\/p>\n","protected":false},"excerpt":{"rendered":"<p>Se llama\u00a0You\u2019re the best thing about me\u00a0y forma parte de su \u00faltimo disco\u00a0Songs of Experience. Semanas atr\u00e1s se conoci\u00f3 otro anticipo llamado\u00a0The Blackout.\u00a0El \u00e1lbum es la continuaci\u00f3n de\u00a0Songs of Innocence\u00a0publicado en 2014. Actualmente la banda se encuentra de gira y llegar\u00e1 a la Argentina, m\u00e1s precisamente al estadio \u00danico de La Plata, los pr\u00f3ximos 10 [&hellip;]<\/p>\n","protected":false},"author":1,"featured_media":55498,"comment_status":"closed","ping_status":"closed","sticky":false,"template":"","format":"standard","meta":{"_seopress_robots_primary_cat":"","_seopress_titles_title":"","_seopress_titles_desc":"","_seopress_robots_index":"","footnotes":""},"categories":[5],"tags":[18939,18940],"class_list":{"0":"post-55497","1":"post","2":"type-post","3":"status-publish","4":"format-standard","5":"has-post-thumbnail","7":"category-musica","8":"tag-nueva-cancion-de-u2","9":"tag-youre-the-best-thing-about-me"},"_links":{"self":[{"href":"https:\/\/www.cordobatimes.com\/showup\/wp-json\/wp\/v2\/posts\/55497","targetHints":{"allow":["GET"]}}],"collection":[{"href":"https:\/\/www.cordobatimes.com\/showup\/wp-json\/wp\/v2\/posts"}],"about":[{"href":"https:\/\/www.cordobatimes.com\/showup\/wp-json\/wp\/v2\/types\/post"}],"author":[{"embeddable":true,"href":"https:\/\/www.cordobatimes.com\/showup\/wp-json\/wp\/v2\/users\/1"}],"replies":[{"embeddable":true,"href":"https:\/\/www.cordobatimes.com\/showup\/wp-json\/wp\/v2\/comments?post=55497"}],"version-history":[{"count":0,"href":"https:\/\/www.cordobatimes.com\/showup\/wp-json\/wp\/v2\/posts\/55497\/revisions"}],"wp:featuredmedia":[{"embeddable":true,"href":"https:\/\/www.cordobatimes.com\/showup\/wp-json\/wp\/v2\/media\/55498"}],"wp:attachment":[{"href":"https:\/\/www.cordobatimes.com\/showup\/wp-json\/wp\/v2\/media?parent=55497"}],"wp:term":[{"taxonomy":"category","embeddable":true,"href":"https:\/\/www.cordobatimes.com\/showup\/wp-json\/wp\/v2\/categories?post=55497"},{"taxonomy":"post_tag","embeddable":true,"href":"https:\/\/www.cordobatimes.com\/showup\/wp-json\/wp\/v2\/tags?post=55497"}],"curies":[{"name":"wp","href":"https:\/\/api.w.org\/{rel}","templated":true}]}}