{"id":55366,"date":"2017-09-01T19:25:47","date_gmt":"2017-09-01T22:25:47","guid":{"rendered":"http:\/\/www.cordobatimes.com\/showup\/?p=55366"},"modified":"2020-05-31T16:54:20","modified_gmt":"2020-05-31T19:54:20","slug":"don-omar-se-retira-los-escenarios","status":"publish","type":"post","link":"https:\/\/www.cordobatimes.com\/showup\/musica\/2017\/09\/01\/don-omar-se-retira-los-escenarios\/","title":{"rendered":"Don Omar se retira de los escenarios"},"content":{"rendered":"<h3><strong>La estrella del reguet\u00f3n \u00a0brindar\u00e1 una \u00faltima gira y \u00a0vender\u00e1 entradas desde 99 centavos.\u00a0<\/strong><\/h3>\n<p>Sorpresa en el mundo del reguet\u00f3n:\u00a0Don Omar, anunci\u00f3 este jueves el inicio en Puerto Rico de su gira \u00abForever King&#8230; The Last Tour\u00bb (Por siempre Rey, la \u00faltima gira), que \u00abmarcar\u00e1 su retiro de los escenarios\u00bb.<\/p>\n<p>En un comunicado, SBS Entertainment, compa\u00f1\u00eda especializada en eventos de entretenimiento en Puerto Rico y Estados Unidos, indic\u00f3 hoy que la gira, \u00abmarca el final de los m\u00e1s de 15 a\u00f1os de carrera musical que ha logrado cautivar cada pa\u00eds del mundo entero\u00bb.<\/p>\n<p>Don Omar, int\u00e9rprete de hit como Dile y Danza Kuduro, entre otros, realizar\u00e1 la serie de conciertos los d\u00edas 15, 16 y 17 de diciembre en el Coliseo de Puerto Rico Jos\u00e9 Miguel Agrelot. Luego, se presume que la gira continuar\u00e1 por el resto del continente y m\u00e1s probable que llega a nuestro pa\u00eds. \u00bfY C\u00f3rdoba? Habr\u00e1 que esperar.<\/p>\n<p><iframe loading=\"lazy\" style=\"border: none; overflow: hidden;\" src=\"https:\/\/www.facebook.com\/plugins\/post.php?href=https%3A%2F%2Fwww.facebook.com%2Fdonomar%2Fposts%2F10155467946315482&amp;width=500\" width=\"500\" height=\"588\" frameborder=\"0\" scrolling=\"no\"><\/iframe><\/p>\n<p>Entradas desde 99 centavos<br \/>\nAdem\u00e1s, de acuerdo con el comunicado, \u00absiendo \u00e9sta una \u00e9poca tan especial, un momento significativo en su carrera, y reconociendo los tiempos dif\u00edciles que atraviesa la isla, el m\u00e1ximo exponente de la m\u00fasica urbana ha decidido regalarle a su p\u00fablico la oportunidad de poder estar junto a \u00e9l y disfrutar de su talento a precios nunca antes vistos\u00bb.<\/p>\n<p>Por ello habr\u00e1 entradas que se vender\u00e1n desde 99 centavos, en una promoci\u00f3n especial. \u00abPara nuestra empresa Spanish Broadcasting System es un placer haber podido finiquitar una negociaci\u00f3n donde el artista Don Omar dej\u00f3 muy claro la consideraci\u00f3n a su pueblo dada la situaci\u00f3n econ\u00f3mica que atraviesa Puerto Rico en estos momentos\u00bb, explica la nota.<\/p>\n","protected":false},"excerpt":{"rendered":"<p>La estrella del reguet\u00f3n \u00a0brindar\u00e1 una \u00faltima gira y \u00a0vender\u00e1 entradas desde 99 centavos.\u00a0 Sorpresa en el mundo del reguet\u00f3n:\u00a0Don Omar, anunci\u00f3 este jueves el inicio en Puerto Rico de su gira \u00abForever King&#8230; The Last Tour\u00bb (Por siempre Rey, la \u00faltima gira), que \u00abmarcar\u00e1 su retiro de los escenarios\u00bb. En un comunicado, SBS Entertainment, [&hellip;]<\/p>\n","protected":false},"author":1,"featured_media":55367,"comment_status":"closed","ping_status":"closed","sticky":false,"template":"","format":"standard","meta":{"_seopress_robots_primary_cat":"","_seopress_titles_title":"","_seopress_titles_desc":"","_seopress_robots_index":"","footnotes":""},"categories":[5],"tags":[18860,18859],"class_list":{"0":"post-55366","1":"post","2":"type-post","3":"status-publish","4":"format-standard","5":"has-post-thumbnail","7":"category-musica","8":"tag-forever-king-the-last-tour-por-siempre-rey","9":"tag-don-omar-se-retira-de-los-escenarios"},"_links":{"self":[{"href":"https:\/\/www.cordobatimes.com\/showup\/wp-json\/wp\/v2\/posts\/55366","targetHints":{"allow":["GET"]}}],"collection":[{"href":"https:\/\/www.cordobatimes.com\/showup\/wp-json\/wp\/v2\/posts"}],"about":[{"href":"https:\/\/www.cordobatimes.com\/showup\/wp-json\/wp\/v2\/types\/post"}],"author":[{"embeddable":true,"href":"https:\/\/www.cordobatimes.com\/showup\/wp-json\/wp\/v2\/users\/1"}],"replies":[{"embeddable":true,"href":"https:\/\/www.cordobatimes.com\/showup\/wp-json\/wp\/v2\/comments?post=55366"}],"version-history":[{"count":0,"href":"https:\/\/www.cordobatimes.com\/showup\/wp-json\/wp\/v2\/posts\/55366\/revisions"}],"wp:featuredmedia":[{"embeddable":true,"href":"https:\/\/www.cordobatimes.com\/showup\/wp-json\/wp\/v2\/media\/55367"}],"wp:attachment":[{"href":"https:\/\/www.cordobatimes.com\/showup\/wp-json\/wp\/v2\/media?parent=55366"}],"wp:term":[{"taxonomy":"category","embeddable":true,"href":"https:\/\/www.cordobatimes.com\/showup\/wp-json\/wp\/v2\/categories?post=55366"},{"taxonomy":"post_tag","embeddable":true,"href":"https:\/\/www.cordobatimes.com\/showup\/wp-json\/wp\/v2\/tags?post=55366"}],"curies":[{"name":"wp","href":"https:\/\/api.w.org\/{rel}","templated":true}]}}