{"id":55337,"date":"2017-08-31T10:50:07","date_gmt":"2017-08-31T13:50:07","guid":{"rendered":"http:\/\/www.cordobatimes.com\/showup\/?p=55337"},"modified":"2020-05-24T11:29:17","modified_gmt":"2020-05-24T14:29:17","slug":"terrorifico-avance-it","status":"publish","type":"post","link":"https:\/\/www.cordobatimes.com\/showup\/cine-y-series\/2017\/08\/31\/terrorifico-avance-it\/","title":{"rendered":"Terror\u00edfico avance de \u00abIt\u00bb"},"content":{"rendered":"<h3><strong>Warner Bros. Pictures Latinoam\u00e9rica public\u00f3 un nuevo video con im\u00e1genes in\u00e9ditas de la pel\u00edcula.<\/strong><\/h3>\n<p><strong>\u00a0<\/strong>Warner Bros. Pictures Latinoam\u00e9rica lanz\u00f3 recientemente un nuevo video de poco m\u00e1s de tres minutos con im\u00e1genes in\u00e9ditas y testimonios de los actores y el director de\u00a0It, nueva pel\u00edcula de terror inspirada en el libro de\u00a0Stephen King.<\/p>\n<p>El filme est\u00e1 dirigido por Andy Muschietti y est\u00e1 protagonizado por\u00a0Bill Skarsg\u00e5rd, en el rol del villano central de la historia, Pennywise.<br \/>\nJaeden Lieberher, Jeremy Ray Taylor, Sophia Lillis, Finn Wolfhard, Wyatt Oleff, Chosen Jacobs, Jack Dylan Grazer y Nicholas Hamilton son algunos de los j\u00f3venes actores que tambi\u00e9n forman parte de esta terror\u00edfica apuesta.<\/p>\n<p>El filme estrenar\u00e1 en las pantallas de cine argentinas el 21 de septiembre de este a\u00f1o. Mir\u00e1 el video con el nuevo avance.<\/p>\n<p><iframe loading=\"lazy\" src=\"https:\/\/www.youtube.com\/embed\/_M2Nn0ny45c\" width=\"560\" height=\"315\" frameborder=\"0\" allowfullscreen=\"allowfullscreen\"><\/iframe><\/p>\n","protected":false},"excerpt":{"rendered":"<p>Warner Bros. Pictures Latinoam\u00e9rica public\u00f3 un nuevo video con im\u00e1genes in\u00e9ditas de la pel\u00edcula. \u00a0Warner Bros. Pictures Latinoam\u00e9rica lanz\u00f3 recientemente un nuevo video de poco m\u00e1s de tres minutos con im\u00e1genes in\u00e9ditas y testimonios de los actores y el director de\u00a0It, nueva pel\u00edcula de terror inspirada en el libro de\u00a0Stephen King. El filme est\u00e1 dirigido [&hellip;]<\/p>\n","protected":false},"author":1,"featured_media":55338,"comment_status":"closed","ping_status":"closed","sticky":false,"template":"","format":"standard","meta":{"_seopress_robots_primary_cat":"","_seopress_titles_title":"","_seopress_titles_desc":"","_seopress_robots_index":"","footnotes":""},"categories":[3],"tags":[18847],"class_list":{"0":"post-55337","1":"post","2":"type-post","3":"status-publish","4":"format-standard","5":"has-post-thumbnail","7":"category-cine-y-series","8":"tag-avance-de-it"},"_links":{"self":[{"href":"https:\/\/www.cordobatimes.com\/showup\/wp-json\/wp\/v2\/posts\/55337","targetHints":{"allow":["GET"]}}],"collection":[{"href":"https:\/\/www.cordobatimes.com\/showup\/wp-json\/wp\/v2\/posts"}],"about":[{"href":"https:\/\/www.cordobatimes.com\/showup\/wp-json\/wp\/v2\/types\/post"}],"author":[{"embeddable":true,"href":"https:\/\/www.cordobatimes.com\/showup\/wp-json\/wp\/v2\/users\/1"}],"replies":[{"embeddable":true,"href":"https:\/\/www.cordobatimes.com\/showup\/wp-json\/wp\/v2\/comments?post=55337"}],"version-history":[{"count":0,"href":"https:\/\/www.cordobatimes.com\/showup\/wp-json\/wp\/v2\/posts\/55337\/revisions"}],"wp:featuredmedia":[{"embeddable":true,"href":"https:\/\/www.cordobatimes.com\/showup\/wp-json\/wp\/v2\/media\/55338"}],"wp:attachment":[{"href":"https:\/\/www.cordobatimes.com\/showup\/wp-json\/wp\/v2\/media?parent=55337"}],"wp:term":[{"taxonomy":"category","embeddable":true,"href":"https:\/\/www.cordobatimes.com\/showup\/wp-json\/wp\/v2\/categories?post=55337"},{"taxonomy":"post_tag","embeddable":true,"href":"https:\/\/www.cordobatimes.com\/showup\/wp-json\/wp\/v2\/tags?post=55337"}],"curies":[{"name":"wp","href":"https:\/\/api.w.org\/{rel}","templated":true}]}}