{"id":55298,"date":"2017-08-29T16:29:12","date_gmt":"2017-08-29T19:29:12","guid":{"rendered":"http:\/\/www.cordobatimes.com\/showup\/?p=55298"},"modified":"2020-05-24T11:51:54","modified_gmt":"2020-05-24T14:51:54","slug":"las-primeras-imagenes-del-jugadisimo-debut-pampita-cine","status":"publish","type":"post","link":"https:\/\/www.cordobatimes.com\/showup\/cine-y-series\/2017\/08\/29\/las-primeras-imagenes-del-jugadisimo-debut-pampita-cine\/","title":{"rendered":"Las primeras im\u00e1genes del jugad\u00edsimo debut de Pampita en el cine"},"content":{"rendered":"<h3><strong>Se present\u00f3 el primer trailer de Desear\u00e1s al hombre de tu hermana, la primera pel\u00edcula protagonizada por la modelo.<\/strong><\/h3>\n<p>\u00a1Debut\u00f3 con todo! Se conocieron las primeras im\u00e1genes de Pampita en Desear\u00e1s al hombre de tu hermana, el debut de la modelo con un rol protag\u00f3nico en el cine.<\/p>\n<p>El trailer de la pel\u00edcula, dirigida por Diego Kaplan (2 + 2) y con gui\u00f3n de Erika Halvorsen (El hilo rojo), muestra\u00a0a Pampita en escenas subidas de tono protagonizando un tri\u00e1ngulo amoroso con el personaje de su hermana y el marido de ella.<\/p>\n<p><iframe loading=\"lazy\" title=\"DESEARAS AL HOMBRE DE TU HERMANA - Trailer oficial\" width=\"696\" height=\"392\" src=\"https:\/\/www.youtube.com\/embed\/_PvVJSIE_xg?feature=oembed\" frameborder=\"0\" allow=\"accelerometer; autoplay; encrypted-media; gyroscope; picture-in-picture\" allowfullscreen><\/iframe><\/p>\n<p>Adem\u00e1s de Carolina \u201cPampita\u201d Ardohain (Ofelia),\u00a0tambi\u00e9n protagonizan la pel\u00edcula M\u00f3nica Anton\u00f3pulos (Luc\u00eda), Guilherme Winter, Juan Sorini y Andrea Frigerio.<\/p>\n<p><img alt=\"\" loading=\"lazy\" decoding=\"async\" class=\"alignnone size-full wp-image-55300\" src=\"http:\/\/www.cordobatimes.com\/showup\/wp-content\/uploads\/2017\/08\/8-15.jpg\" alt=\"\" width=\"663\" height=\"373\" srcset=\"https:\/\/www.cordobatimes.com\/showup\/wp-content\/uploads\/2017\/08\/8-15.jpg 663w, https:\/\/www.cordobatimes.com\/showup\/wp-content\/uploads\/2017\/08\/8-15-450x253.jpg 450w\" sizes=\"auto, (max-width: 663px) 100vw, 663px\" \/> <img alt=\"\" loading=\"lazy\" decoding=\"async\" class=\"alignnone size-full wp-image-55301\" src=\"http:\/\/www.cordobatimes.com\/showup\/wp-content\/uploads\/2017\/08\/9-9.jpg\" alt=\"\" width=\"1200\" height=\"675\" srcset=\"https:\/\/www.cordobatimes.com\/showup\/wp-content\/uploads\/2017\/08\/9-9.jpg 1200w, https:\/\/www.cordobatimes.com\/showup\/wp-content\/uploads\/2017\/08\/9-9-450x253.jpg 450w, https:\/\/www.cordobatimes.com\/showup\/wp-content\/uploads\/2017\/08\/9-9-747x420.jpg 747w, https:\/\/www.cordobatimes.com\/showup\/wp-content\/uploads\/2017\/08\/9-9-768x432.jpg 768w, https:\/\/www.cordobatimes.com\/showup\/wp-content\/uploads\/2017\/08\/9-9-1024x576.jpg 1024w\" sizes=\"auto, (max-width: 1200px) 100vw, 1200px\" \/><\/p>\n","protected":false},"excerpt":{"rendered":"<p>Se present\u00f3 el primer trailer de Desear\u00e1s al hombre de tu hermana, la primera pel\u00edcula protagonizada por la modelo. \u00a1Debut\u00f3 con todo! Se conocieron las primeras im\u00e1genes de Pampita en Desear\u00e1s al hombre de tu hermana, el debut de la modelo con un rol protag\u00f3nico en el cine. El trailer de la pel\u00edcula, dirigida por [&hellip;]<\/p>\n","protected":false},"author":1,"featured_media":55299,"comment_status":"closed","ping_status":"closed","sticky":false,"template":"","format":"standard","meta":{"_seopress_robots_primary_cat":"","_seopress_titles_title":"","_seopress_titles_desc":"","_seopress_robots_index":"","footnotes":""},"categories":[3],"tags":[18814,17709,31687],"class_list":{"0":"post-55298","1":"post","2":"type-post","3":"status-publish","4":"format-standard","5":"has-post-thumbnail","7":"category-cine-y-series","8":"tag-debut-de-pampita-en-el-cine","9":"tag-desearas-al-hombre-de-tu-hermana","10":"tag-trailer-de-desearas-al-hombre-de-tu-hermana"},"_links":{"self":[{"href":"https:\/\/www.cordobatimes.com\/showup\/wp-json\/wp\/v2\/posts\/55298","targetHints":{"allow":["GET"]}}],"collection":[{"href":"https:\/\/www.cordobatimes.com\/showup\/wp-json\/wp\/v2\/posts"}],"about":[{"href":"https:\/\/www.cordobatimes.com\/showup\/wp-json\/wp\/v2\/types\/post"}],"author":[{"embeddable":true,"href":"https:\/\/www.cordobatimes.com\/showup\/wp-json\/wp\/v2\/users\/1"}],"replies":[{"embeddable":true,"href":"https:\/\/www.cordobatimes.com\/showup\/wp-json\/wp\/v2\/comments?post=55298"}],"version-history":[{"count":0,"href":"https:\/\/www.cordobatimes.com\/showup\/wp-json\/wp\/v2\/posts\/55298\/revisions"}],"wp:featuredmedia":[{"embeddable":true,"href":"https:\/\/www.cordobatimes.com\/showup\/wp-json\/wp\/v2\/media\/55299"}],"wp:attachment":[{"href":"https:\/\/www.cordobatimes.com\/showup\/wp-json\/wp\/v2\/media?parent=55298"}],"wp:term":[{"taxonomy":"category","embeddable":true,"href":"https:\/\/www.cordobatimes.com\/showup\/wp-json\/wp\/v2\/categories?post=55298"},{"taxonomy":"post_tag","embeddable":true,"href":"https:\/\/www.cordobatimes.com\/showup\/wp-json\/wp\/v2\/tags?post=55298"}],"curies":[{"name":"wp","href":"https:\/\/api.w.org\/{rel}","templated":true}]}}