{"id":54985,"date":"2017-08-15T10:36:23","date_gmt":"2017-08-15T13:36:23","guid":{"rendered":"http:\/\/www.cordobatimes.com\/showup\/?p=54985"},"modified":"2020-05-24T20:16:12","modified_gmt":"2020-05-24T23:16:12","slug":"la-pelicula-futbol-lidera-la-taquilla-nacional","status":"publish","type":"post","link":"https:\/\/www.cordobatimes.com\/showup\/cine-y-series\/2017\/08\/15\/la-pelicula-futbol-lidera-la-taquilla-nacional\/","title":{"rendered":"La pel\u00edcula el f\u00fatbol o yo lidera en la taquilla nacional"},"content":{"rendered":"<h3><strong>En su primer fin de semana desde su estreno,\u00a0El f\u00fatbol o yo\u00a0qued\u00f3 como la pel\u00edcula m\u00e1s vista.<\/strong><\/h3>\n<p>Con 285.410 espectadores en las salas. El film qued\u00f3 primero en la taquilla cinem\u00e1togr\u00e1fica y duplic\u00f3 a\u00a0Emoji: La pel\u00edcula, que tambi\u00e9n debut\u00f3 en las salas el jueves pasado y alcanz\u00f3 140.160 espectadores.<\/p>\n<p>El f\u00fatbol o yo sigue la vida de\u00a0Pedro Pintos\u00a0(Adri\u00e1n Suar), un coordinador de call center de una importante compa\u00f1\u00eda de servicios m\u00e9dicos que es un fan\u00e1tico del f\u00fatbol, sin distinci\u00f3n de club, camiseta, bandera ni nacionalidad, capaz de ver partidos durante las veinticuatro horas del d\u00eda. Est\u00e1 casado con\u00a0Ver\u00f3nica\u00a0(Julieta D\u00edaz) desde hace veinte a\u00f1os, con quien tiene dos hijas adolescentes.<\/p>\n<p>Desde su infancia, la pasi\u00f3n futbol\u00edstica convivi\u00f3 m\u00e1s o menos en armon\u00eda con los dem\u00e1s aspectos de su vida. Pero casi sin darse cuenta, su obsesi\u00f3n fue minando todos los espacios y, principalmente, sus afectos. En cierto momento,\u00a0Pedro\u00a0se encuentra separado de\u00a0Ver\u00f3nica\u00a0y despedido de su trabajo. En la dura soledad de su ca\u00edda, se reconoce adicto al f\u00fatbol y decide pedir ayuda. Pedro intentar\u00e1 recuperar nuevamente su vida y encontrar el equilibrio entre su pasi\u00f3n por el f\u00fatbol y el amor por su familia. Pero, tal vez, puede que sea demasiado tarde.<\/p>\n","protected":false},"excerpt":{"rendered":"<p>En su primer fin de semana desde su estreno,\u00a0El f\u00fatbol o yo\u00a0qued\u00f3 como la pel\u00edcula m\u00e1s vista. Con 285.410 espectadores en las salas. El film qued\u00f3 primero en la taquilla cinem\u00e1togr\u00e1fica y duplic\u00f3 a\u00a0Emoji: La pel\u00edcula, que tambi\u00e9n debut\u00f3 en las salas el jueves pasado y alcanz\u00f3 140.160 espectadores. El f\u00fatbol o yo sigue la [&hellip;]<\/p>\n","protected":false},"author":1,"featured_media":54986,"comment_status":"closed","ping_status":"closed","sticky":false,"template":"","format":"standard","meta":{"_seopress_robots_primary_cat":"","_seopress_titles_title":"","_seopress_titles_desc":"","_seopress_robots_index":"","footnotes":""},"categories":[3],"tags":[18591,18590],"class_list":{"0":"post-54985","1":"post","2":"type-post","3":"status-publish","4":"format-standard","5":"has-post-thumbnail","7":"category-cine-y-series","8":"tag-el-futbol-o-yo-lidera-en-la-taquilla-nacional","9":"tag-pelicula-el-futbol-o-yo"},"_links":{"self":[{"href":"https:\/\/www.cordobatimes.com\/showup\/wp-json\/wp\/v2\/posts\/54985","targetHints":{"allow":["GET"]}}],"collection":[{"href":"https:\/\/www.cordobatimes.com\/showup\/wp-json\/wp\/v2\/posts"}],"about":[{"href":"https:\/\/www.cordobatimes.com\/showup\/wp-json\/wp\/v2\/types\/post"}],"author":[{"embeddable":true,"href":"https:\/\/www.cordobatimes.com\/showup\/wp-json\/wp\/v2\/users\/1"}],"replies":[{"embeddable":true,"href":"https:\/\/www.cordobatimes.com\/showup\/wp-json\/wp\/v2\/comments?post=54985"}],"version-history":[{"count":0,"href":"https:\/\/www.cordobatimes.com\/showup\/wp-json\/wp\/v2\/posts\/54985\/revisions"}],"wp:featuredmedia":[{"embeddable":true,"href":"https:\/\/www.cordobatimes.com\/showup\/wp-json\/wp\/v2\/media\/54986"}],"wp:attachment":[{"href":"https:\/\/www.cordobatimes.com\/showup\/wp-json\/wp\/v2\/media?parent=54985"}],"wp:term":[{"taxonomy":"category","embeddable":true,"href":"https:\/\/www.cordobatimes.com\/showup\/wp-json\/wp\/v2\/categories?post=54985"},{"taxonomy":"post_tag","embeddable":true,"href":"https:\/\/www.cordobatimes.com\/showup\/wp-json\/wp\/v2\/tags?post=54985"}],"curies":[{"name":"wp","href":"https:\/\/api.w.org\/{rel}","templated":true}]}}