{"id":5497,"date":"2013-12-14T18:19:53","date_gmt":"2013-12-14T21:19:53","guid":{"rendered":"http:\/\/cordobatimes.com\/showup\/?p=5497"},"modified":"2019-12-02T19:40:08","modified_gmt":"2019-12-02T22:40:08","slug":"violetta-suspendio-su-show-tras-el-derrumbe-de-un-techo","status":"publish","type":"post","link":"https:\/\/www.cordobatimes.com\/showup\/musica\/2013\/12\/14\/violetta-suspendio-su-show-tras-el-derrumbe-de-un-techo\/","title":{"rendered":"Violetta suspendi\u00f3 su show tras el derrumbe de un techo"},"content":{"rendered":"<h3 style=\"text-align: justify;\"><strong>La joven actriz y cantante que triunfa a \u00a0nivel mundial vivi\u00f3 un terrible acontecimiento en su presentaci\u00f3n en Espa\u00f1a.\u00a0<\/strong><\/h3>\n<p style=\"text-align: justify;\">Era su segundo show en Valencia, todo estaba listo para que comience la funci\u00f3n, pero \u00a0debieron evacuar a todos los presentes.<\/p>\n<p style=\"text-align: justify;\">Contaron los medios del pa\u00eds ib\u00e9rico que se cay\u00f3 el techo de un pasillo interno del lugar en el que se iba a llevar a cabo el show que estaba en obras. Una de las personas que trabajaba all\u00ed result\u00f3 levemente herida en la mano por lo que los organizadores optaron por cancelar el espect\u00e1culo.<\/p>\n<p style=\"text-align: justify;\">Martina utiliz\u00f3 su cuenta de Twitter para disculparse: \u00abA toda la gente de Valencia que estaba presente en el show de Violetta reci\u00e9n, les pido disculpas. Est\u00e1bamos arriba del escenario y un pedazo de techo se desplom\u00f3, y por seguridad del p\u00fablico y por una mejor evacuaci\u00f3n se tom\u00f3 la decisi\u00f3n de terminar as\u00ed. Nosotros no est\u00e1bamos al tanto de la situaci\u00f3n, nos enteramos en el mismo instante que ustedes, les pido disculpas. Realmente estoy muy angustiada, son decisiones que est\u00e1n fuera de nuestro alcance\u00bb.<\/p>\n<p style=\"text-align: justify;\">\n","protected":false},"excerpt":{"rendered":"<p>La joven actriz y cantante que triunfa a \u00a0nivel mundial vivi\u00f3 un terrible acontecimiento en su presentaci\u00f3n en Espa\u00f1a.\u00a0 Era su segundo show en Valencia, todo estaba listo para que comience la funci\u00f3n, pero \u00a0debieron evacuar a todos los presentes. Contaron los medios del pa\u00eds ib\u00e9rico que se cay\u00f3 el techo de un pasillo interno [&hellip;]<\/p>\n","protected":false},"author":9,"featured_media":5498,"comment_status":"closed","ping_status":"closed","sticky":false,"template":"","format":"standard","meta":{"_seopress_robots_primary_cat":"","_seopress_titles_title":"","_seopress_titles_desc":"","_seopress_robots_index":"","footnotes":""},"categories":[5],"tags":[25055,26530],"class_list":{"0":"post-5497","1":"post","2":"type-post","3":"status-publish","4":"format-standard","5":"has-post-thumbnail","7":"category-musica","8":"tag-tini-stoessel-suspende-show","9":"tag-tini-stoessel-suspende-show-por-caida-de-techo"},"_links":{"self":[{"href":"https:\/\/www.cordobatimes.com\/showup\/wp-json\/wp\/v2\/posts\/5497","targetHints":{"allow":["GET"]}}],"collection":[{"href":"https:\/\/www.cordobatimes.com\/showup\/wp-json\/wp\/v2\/posts"}],"about":[{"href":"https:\/\/www.cordobatimes.com\/showup\/wp-json\/wp\/v2\/types\/post"}],"author":[{"embeddable":true,"href":"https:\/\/www.cordobatimes.com\/showup\/wp-json\/wp\/v2\/users\/9"}],"replies":[{"embeddable":true,"href":"https:\/\/www.cordobatimes.com\/showup\/wp-json\/wp\/v2\/comments?post=5497"}],"version-history":[{"count":0,"href":"https:\/\/www.cordobatimes.com\/showup\/wp-json\/wp\/v2\/posts\/5497\/revisions"}],"wp:featuredmedia":[{"embeddable":true,"href":"https:\/\/www.cordobatimes.com\/showup\/wp-json\/wp\/v2\/media\/5498"}],"wp:attachment":[{"href":"https:\/\/www.cordobatimes.com\/showup\/wp-json\/wp\/v2\/media?parent=5497"}],"wp:term":[{"taxonomy":"category","embeddable":true,"href":"https:\/\/www.cordobatimes.com\/showup\/wp-json\/wp\/v2\/categories?post=5497"},{"taxonomy":"post_tag","embeddable":true,"href":"https:\/\/www.cordobatimes.com\/showup\/wp-json\/wp\/v2\/tags?post=5497"}],"curies":[{"name":"wp","href":"https:\/\/api.w.org\/{rel}","templated":true}]}}