{"id":54778,"date":"2017-08-05T10:53:52","date_gmt":"2017-08-05T13:53:52","guid":{"rendered":"http:\/\/www.cordobatimes.com\/showup\/?p=54778"},"modified":"2020-05-24T21:26:56","modified_gmt":"2020-05-25T00:26:56","slug":"pastel-pollo-choclo","status":"publish","type":"post","link":"https:\/\/www.cordobatimes.com\/showup\/cocina\/2017\/08\/05\/pastel-pollo-choclo\/","title":{"rendered":"Pastel de Pollo y Choclo"},"content":{"rendered":"<h3 data-reactid=\"237\"><span data-reactid=\"238\">INGREDIENTES<\/span><\/h3>\n<div data-reactid=\"239\">\n<ul class=\"no-bullet recipe-ingredients-list\" data-reactid=\"240\">\n<li data-reactid=\"241\">\n<p class=\"p-ingredient\" data-reactid=\"242\">Para la mezcla de Pollo:<\/p>\n<\/li>\n<li data-reactid=\"243\">\n<p class=\"p-ingredient\" data-reactid=\"244\">1 cebolla<\/p>\n<\/li>\n<li data-reactid=\"245\">\n<p class=\"p-ingredient\" data-reactid=\"246\">2 dientes de ajo<\/p>\n<\/li>\n<li data-reactid=\"247\">\n<p class=\"p-ingredient\" data-reactid=\"248\">1\/2 morr\u00f3n<\/p>\n<\/li>\n<li data-reactid=\"249\">\n<p class=\"p-ingredient\" data-reactid=\"250\">1 pechuga de pollo<\/p>\n<\/li>\n<li data-reactid=\"251\">\n<p class=\"p-ingredient\" data-reactid=\"252\">2 pata\/muslos deshuesados<\/p>\n<\/li>\n<li data-reactid=\"253\">\n<p class=\"p-ingredient\" data-reactid=\"254\">1 taza de caldo<\/p>\n<\/li>\n<li data-reactid=\"255\">\n<p class=\"p-ingredient\" data-reactid=\"256\">Oliva<\/p>\n<\/li>\n<li data-reactid=\"257\">\n<p class=\"p-ingredient\" data-reactid=\"258\">Condimentos a gusto (Pimienta, sal, comino, nuez moscada, curry, piment\u00f3n dulce)<\/p>\n<\/li>\n<li data-reactid=\"259\">\n<p class=\"p-ingredient\" data-reactid=\"260\">Para la mezcla de Choclo:<\/p>\n<\/li>\n<li data-reactid=\"261\">\n<p class=\"p-ingredient\" data-reactid=\"262\">3 cebollas de verdeo<\/p>\n<\/li>\n<\/ul>\n<ul class=\"no-bullet recipe-ingredients-list second\" data-reactid=\"263\">\n<li data-reactid=\"264\">\n<p class=\"p-ingredient\" data-reactid=\"265\">Oliva c\/n<\/p>\n<\/li>\n<li data-reactid=\"266\">\n<p class=\"p-ingredient\" data-reactid=\"267\">1 cdta. de manteca<\/p>\n<\/li>\n<li data-reactid=\"268\">\n<p class=\"p-ingredient\" data-reactid=\"269\">1 cda. de maicena<\/p>\n<\/li>\n<li data-reactid=\"270\">\n<p class=\"p-ingredient\" data-reactid=\"271\">150 ml. de leche.<\/p>\n<\/li>\n<li data-reactid=\"272\">\n<p class=\"p-ingredient\" data-reactid=\"273\">1 lata de choclo.<\/p>\n<\/li>\n<li data-reactid=\"274\">\n<p class=\"p-ingredient\" data-reactid=\"275\">50 ml. de crema de leche<\/p>\n<\/li>\n<li data-reactid=\"276\">\n<p class=\"p-ingredient\" data-reactid=\"277\">50 gr de queso rallado<\/p>\n<\/li>\n<li data-reactid=\"278\">\n<p class=\"p-ingredient\" data-reactid=\"279\">Nuez moscada<\/p>\n<\/li>\n<li data-reactid=\"280\">\n<p class=\"p-ingredient\" data-reactid=\"281\">Sal y pimienta<\/p>\n<\/li>\n<li data-reactid=\"282\">\n<p class=\"p-ingredient\" data-reactid=\"283\">30 gr. de queso fresco<\/p>\n<\/li>\n<\/ul>\n<\/div>\n<h3><strong>Modo de preparaci\u00f3n\u00a0<\/strong><\/h3>\n<ul class=\"recipe-steps-list e-instructions\" data-reactid=\"288\">\n<li data-reactid=\"291\">\n<p data-reactid=\"292\">Picar cebolla, ajos, morr\u00f3n<\/p>\n<\/li>\n<li data-reactid=\"293\">\n<p data-reactid=\"294\">Rehogar en olla con oliva<\/p>\n<\/li>\n<li data-reactid=\"295\">\n<p data-reactid=\"296\">Agregar pechuga y pata\/muslos, taza de caldo y cocinar tapado hasta que se \u201cdesarme\u201d. Puede estar 2 hora en olla com\u00fan o 1 en olla a presi\u00f3n. Si es necesario agregar caldo pero cuando termine la cocci\u00f3n no tiene que quedar tipo sopa aunque si bien h\u00famedo<\/p>\n<\/li>\n<li data-reactid=\"297\">\n<p data-reactid=\"298\">Desmenuzar con tenedores si todav\u00eda hace falta y condimentar a gusto<\/p>\n<\/li>\n<li data-reactid=\"299\">\n<p data-reactid=\"300\">Ese pollito va a cazuelas individuales y arriba la otra mezcla:<\/p>\n<\/li>\n<li data-reactid=\"301\">\n<p data-reactid=\"302\">Picar la cebolla de verdeo y rehogar con oliva y manteca<\/p>\n<\/li>\n<li data-reactid=\"303\">\n<p data-reactid=\"304\">Agregar 1 cda. de maicena y revolver con batidor de alambre mientras agregan la leche sin dejar de mezclar<\/p>\n<\/li>\n<li data-reactid=\"305\">\n<p data-reactid=\"306\">Cuando est\u00e1 espeso, agregar el choclo.<\/p>\n<\/li>\n<li data-reactid=\"307\">\n<p data-reactid=\"308\">Incorporar crema de leche, queso rallado, nuez moscada, sal y pimienta.<\/p>\n<\/li>\n<li data-reactid=\"309\">\n<p data-reactid=\"310\">Darle unos toques con el mixer para que queden algunos granos enteros y otros m\u00e1s estilo pur\u00e9.<\/p>\n<\/li>\n<li data-reactid=\"311\">\n<p data-reactid=\"312\">Llevar a la cazuela y arriba del pollo<\/p>\n<\/li>\n<li data-reactid=\"313\">\n<p data-reactid=\"314\">Espolvorear con queso cremoso rallado y al horno hasta dorar.<\/p>\n<\/li>\n<\/ul>\n","protected":false},"excerpt":{"rendered":"<p>INGREDIENTES Para la mezcla de Pollo: 1 cebolla 2 dientes de ajo 1\/2 morr\u00f3n 1 pechuga de pollo 2 pata\/muslos deshuesados 1 taza de caldo Oliva Condimentos a gusto (Pimienta, sal, comino, nuez moscada, curry, piment\u00f3n dulce) Para la mezcla de Choclo: 3 cebollas de verdeo Oliva c\/n 1 cdta. de manteca 1 cda. de [&hellip;]<\/p>\n","protected":false},"author":1,"featured_media":54779,"comment_status":"closed","ping_status":"closed","sticky":false,"template":"","format":"standard","meta":{"_seopress_robots_primary_cat":"","_seopress_titles_title":"","_seopress_titles_desc":"","_seopress_robots_index":"","footnotes":""},"categories":[1,317],"tags":[31705,31704,15165,8394],"class_list":{"0":"post-54778","1":"post","2":"type-post","3":"status-publish","4":"format-standard","5":"has-post-thumbnail","7":"category-cocina","8":"category-recetas","9":"tag-pastel-de-pollo-y-choclo-receta","10":"tag-receta-de-pastel-de-pollo-y-choclo","11":"tag-recetas-de-choclo","12":"tag-recetas-de-pollo"},"_links":{"self":[{"href":"https:\/\/www.cordobatimes.com\/showup\/wp-json\/wp\/v2\/posts\/54778","targetHints":{"allow":["GET"]}}],"collection":[{"href":"https:\/\/www.cordobatimes.com\/showup\/wp-json\/wp\/v2\/posts"}],"about":[{"href":"https:\/\/www.cordobatimes.com\/showup\/wp-json\/wp\/v2\/types\/post"}],"author":[{"embeddable":true,"href":"https:\/\/www.cordobatimes.com\/showup\/wp-json\/wp\/v2\/users\/1"}],"replies":[{"embeddable":true,"href":"https:\/\/www.cordobatimes.com\/showup\/wp-json\/wp\/v2\/comments?post=54778"}],"version-history":[{"count":0,"href":"https:\/\/www.cordobatimes.com\/showup\/wp-json\/wp\/v2\/posts\/54778\/revisions"}],"wp:featuredmedia":[{"embeddable":true,"href":"https:\/\/www.cordobatimes.com\/showup\/wp-json\/wp\/v2\/media\/54779"}],"wp:attachment":[{"href":"https:\/\/www.cordobatimes.com\/showup\/wp-json\/wp\/v2\/media?parent=54778"}],"wp:term":[{"taxonomy":"category","embeddable":true,"href":"https:\/\/www.cordobatimes.com\/showup\/wp-json\/wp\/v2\/categories?post=54778"},{"taxonomy":"post_tag","embeddable":true,"href":"https:\/\/www.cordobatimes.com\/showup\/wp-json\/wp\/v2\/tags?post=54778"}],"curies":[{"name":"wp","href":"https:\/\/api.w.org\/{rel}","templated":true}]}}