{"id":54771,"date":"2017-08-05T10:14:18","date_gmt":"2017-08-05T13:14:18","guid":{"rendered":"http:\/\/www.cordobatimes.com\/showup\/?p=54771"},"modified":"2020-05-24T21:36:07","modified_gmt":"2020-05-25T00:36:07","slug":"publicaron-video-inedito-callejeros-reavivo-la-polemica","status":"publish","type":"post","link":"https:\/\/www.cordobatimes.com\/showup\/musica\/2017\/08\/05\/publicaron-video-inedito-callejeros-reavivo-la-polemica\/","title":{"rendered":"Publicaron v\u00eddeo in\u00e9dito de Callejeros y  eso reaviv\u00f3 la pol\u00e9mica"},"content":{"rendered":"<h3><strong>El sello PeloMusic dio a conocer un registro de un show de la banda de 2004 en Obras, en el que se ve al p\u00fablico con bengalas.<\/strong><\/h3>\n<p><strong>\u00a0<\/strong>Hace pocos d\u00edas se cumplieron 13 a\u00f1os de un show bisagra en la historia de\u00a0Callejeros: el Obras de 2004, el concierto m\u00e1s convocante que la banda hab\u00eda realizado hasta ese momento pocos meses antes de la tragedia de Croman\u00f3n, en la que murieron 194 personas.<\/p>\n<p>Ese recital fue registrado para la posterior edici\u00f3n de un CD y DVD en vivo, que finalmente no vio la luz hasta cuatro a\u00f1os despu\u00e9s, aunque solo en\u00a0formato audio. Por estas horas, PeloMusic decidi\u00f3 publicar un primer video de ese show correspondiente a uno de los m\u00e1ximos hits de la banda,\u00a0Una nueva noche fr\u00eda.<\/p>\n<p><iframe loading=\"lazy\" src=\"https:\/\/www.youtube.com\/embed\/y7kudMJiscw\" width=\"560\" height=\"315\" frameborder=\"0\" allowfullscreen=\"allowfullscreen\"><\/iframe><\/p>\n<p><strong>Pol\u00e9mica en las redes<\/strong><br \/>\nEl detalle no menor es que en las im\u00e1genes se puede ver al p\u00fablico con bengalas y tambi\u00e9n al baterista Edu V\u00e1zquez, condenado a prisi\u00f3n perpetua por femicidio. Obviamente, el tema todav\u00eda genera mucha sensibilidad entre algunos seguidores y la opini\u00f3n p\u00fablica.<\/p>\n<p>Por ejemplo, en uno de los comentarios de YouTube se puede leer un fuerte mensaje al respecto: \u00abCu\u00e1ntos de los chicos que est\u00e1n cantando en el p\u00fablico murieron? Triste que PeloMusic y Callejeros quieran hacer guita con la publicidad de este video\u00bb. EN cambio, otros fans celebraron la iniciativa.<\/p>\n<p>Mientras tanto, en las redes tambi\u00e9n se gener\u00f3 un debate sobre la publicaci\u00f3n y tambi\u00e9n sobre quien fue el encargado de dar a conocer las im\u00e1genes, en d\u00edas que pr\u00e1cticamente todos los integrantes de la banda recuperaron la libertad (s\u00f3lo quedan en prisi\u00f3n Pato Fontanet y el citado V\u00e1zquez). Seg\u00fan parece, la decisi\u00f3n corri\u00f3 por cuenta del mencionado sello.<\/p>\n<blockquote class=\"twitter-tweet\" data-lang=\"es\">\n<p dir=\"ltr\" lang=\"es\">\u00abDesafortunado\u00bb y de \u00abpoco tacto\u00bb, lo m\u00e1s leve que puedo decir sobre esto:<a href=\"https:\/\/t.co\/1bRRtmWGnk\">https:\/\/t.co\/1bRRtmWGnk<\/a><\/p>\n<p>\u2014 Jos\u00e9 Bellas (@PKBellas) <a href=\"https:\/\/twitter.com\/PKBellas\/status\/893512912115040257\">4 de agosto de 2017<\/a><\/p><\/blockquote>\n<p><script async src=\"\/\/platform.twitter.com\/widgets.js\" charset=\"utf-8\"><\/script><\/p>\n<blockquote class=\"twitter-tweet\" data-lang=\"es\">\n<p dir=\"ltr\" lang=\"es\">Presentado as\u00ed con ese t\u00edtulo pareciera que los m\u00fasicos de Callejeros decidieron editar el DVD y mostrar im\u00e1genes de pibes que ya no est\u00e1n<\/p>\n<p>\u2014 Bruno Larocca (@BrunoLarocca) <a href=\"https:\/\/twitter.com\/BrunoLarocca\/status\/893518201690238976\">4 de agosto de 2017<\/a><\/p><\/blockquote>\n<p><script async src=\"\/\/platform.twitter.com\/widgets.js\" charset=\"utf-8\"><\/script><\/p>\n<blockquote class=\"twitter-tweet\" data-lang=\"es\">\n<p dir=\"ltr\" lang=\"es\">Sea Callejeros o Pelo Music, alguien tuvo la intenci\u00f3n de que eso se vea y venderlo. Horrible.<\/p>\n<p>\u2014 Jos\u00e9 Bellas (@PKBellas) <a href=\"https:\/\/twitter.com\/PKBellas\/status\/893517159212732417\">4 de agosto de 2017<\/a><\/p><\/blockquote>\n<p><script async src=\"\/\/platform.twitter.com\/widgets.js\" charset=\"utf-8\"><\/script><\/p>\n<blockquote class=\"twitter-tweet\" data-lang=\"es\">\n<p dir=\"ltr\" lang=\"es\">Son unos hijos de mierdas sin met\u00e1fora.Ya no estamos para met\u00e1foras. <a href=\"https:\/\/t.co\/IpolfDkiUu\">https:\/\/t.co\/IpolfDkiUu<\/a><\/p>\n<p>\u2014 Andrea Julia Alvarez (@AndreaAlvarezAA) <a href=\"https:\/\/twitter.com\/AndreaAlvarezAA\/status\/893513490547314689\">4 de agosto de 2017<\/a><\/p><\/blockquote>\n<p><script async src=\"\/\/platform.twitter.com\/widgets.js\" charset=\"utf-8\"><\/script><\/p>\n","protected":false},"excerpt":{"rendered":"<p>El sello PeloMusic dio a conocer un registro de un show de la banda de 2004 en Obras, en el que se ve al p\u00fablico con bengalas. \u00a0Hace pocos d\u00edas se cumplieron 13 a\u00f1os de un show bisagra en la historia de\u00a0Callejeros: el Obras de 2004, el concierto m\u00e1s convocante que la banda hab\u00eda realizado [&hellip;]<\/p>\n","protected":false},"author":1,"featured_media":54772,"comment_status":"closed","ping_status":"closed","sticky":false,"template":"","format":"standard","meta":{"_seopress_robots_primary_cat":"","_seopress_titles_title":"","_seopress_titles_desc":"","_seopress_robots_index":"","footnotes":""},"categories":[5],"tags":[18446,18444],"class_list":{"0":"post-54771","1":"post","2":"type-post","3":"status-publish","4":"format-standard","5":"has-post-thumbnail","7":"category-musica","8":"tag-callejeros-el-obras-de-2004","9":"tag-video-inedito-de-callejeros"},"_links":{"self":[{"href":"https:\/\/www.cordobatimes.com\/showup\/wp-json\/wp\/v2\/posts\/54771","targetHints":{"allow":["GET"]}}],"collection":[{"href":"https:\/\/www.cordobatimes.com\/showup\/wp-json\/wp\/v2\/posts"}],"about":[{"href":"https:\/\/www.cordobatimes.com\/showup\/wp-json\/wp\/v2\/types\/post"}],"author":[{"embeddable":true,"href":"https:\/\/www.cordobatimes.com\/showup\/wp-json\/wp\/v2\/users\/1"}],"replies":[{"embeddable":true,"href":"https:\/\/www.cordobatimes.com\/showup\/wp-json\/wp\/v2\/comments?post=54771"}],"version-history":[{"count":0,"href":"https:\/\/www.cordobatimes.com\/showup\/wp-json\/wp\/v2\/posts\/54771\/revisions"}],"wp:featuredmedia":[{"embeddable":true,"href":"https:\/\/www.cordobatimes.com\/showup\/wp-json\/wp\/v2\/media\/54772"}],"wp:attachment":[{"href":"https:\/\/www.cordobatimes.com\/showup\/wp-json\/wp\/v2\/media?parent=54771"}],"wp:term":[{"taxonomy":"category","embeddable":true,"href":"https:\/\/www.cordobatimes.com\/showup\/wp-json\/wp\/v2\/categories?post=54771"},{"taxonomy":"post_tag","embeddable":true,"href":"https:\/\/www.cordobatimes.com\/showup\/wp-json\/wp\/v2\/tags?post=54771"}],"curies":[{"name":"wp","href":"https:\/\/api.w.org\/{rel}","templated":true}]}}