{"id":54648,"date":"2017-07-31T19:47:41","date_gmt":"2017-07-31T22:47:41","guid":{"rendered":"http:\/\/www.cordobatimes.com\/showup\/?p=54648"},"modified":"2020-05-21T21:14:22","modified_gmt":"2020-05-22T00:14:22","slug":"luciano-castro-salio-hablar-la-polemica-audio-filtrado","status":"publish","type":"post","link":"https:\/\/www.cordobatimes.com\/showup\/tv\/2017\/07\/31\/luciano-castro-salio-hablar-la-polemica-audio-filtrado\/","title":{"rendered":"Luciano Castro sali\u00f3 a hablar de la pol\u00e9mica por su audio filtrado"},"content":{"rendered":"<h3><strong>El actor se refiri\u00f3 a la grabaci\u00f3n que se viraliz\u00f3 en la que se quejaba de la comida de\u00a0Pol-ka.<\/strong><\/h3>\n<p>La pol\u00e9mica se instal\u00f3 en las redes sociales y salt\u00f3 a la televisi\u00f3n. Y, lejos de esconderse,\u00a0Luciano Castro\u00a0sali\u00f3 a ponerle el pecho. El actor habl\u00f3 del audio filtrado en el que se quejaba de la comida durante las grabaciones de la tira\u00a0Los ricos no piden permiso, viralizado en un corto animado de\u00a0Gente rota, los videos del dise\u00f1ador\u00a0Gabriel Lucero.<\/p>\n<p><iframe loading=\"lazy\" src=\"https:\/\/www.youtube.com\/embed\/4ravjjGKwSQ\" width=\"560\" height=\"315\" frameborder=\"0\" allowfullscreen=\"allowfullscreen\"><\/iframe><\/p>\n","protected":false},"excerpt":{"rendered":"<p>El actor se refiri\u00f3 a la grabaci\u00f3n que se viraliz\u00f3 en la que se quejaba de la comida de\u00a0Pol-ka. La pol\u00e9mica se instal\u00f3 en las redes sociales y salt\u00f3 a la televisi\u00f3n. Y, lejos de esconderse,\u00a0Luciano Castro\u00a0sali\u00f3 a ponerle el pecho. El actor habl\u00f3 del audio filtrado en el que se quejaba de la comida [&hellip;]<\/p>\n","protected":false},"author":1,"featured_media":54649,"comment_status":"closed","ping_status":"closed","sticky":false,"template":"","format":"standard","meta":{"_seopress_robots_primary_cat":"","_seopress_titles_title":"","_seopress_titles_desc":"","_seopress_robots_index":"","footnotes":""},"categories":[2],"tags":[18301,18344,18345,31617],"class_list":{"0":"post-54648","1":"post","2":"type-post","3":"status-publish","4":"format-standard","5":"has-post-thumbnail","7":"category-tv","8":"tag-audio-de-luciano-castro","9":"tag-luciano-castro-audio","10":"tag-luciano-castro-intrusos","11":"tag-luciano-castro-me-pagan-por-bonito"},"_links":{"self":[{"href":"https:\/\/www.cordobatimes.com\/showup\/wp-json\/wp\/v2\/posts\/54648","targetHints":{"allow":["GET"]}}],"collection":[{"href":"https:\/\/www.cordobatimes.com\/showup\/wp-json\/wp\/v2\/posts"}],"about":[{"href":"https:\/\/www.cordobatimes.com\/showup\/wp-json\/wp\/v2\/types\/post"}],"author":[{"embeddable":true,"href":"https:\/\/www.cordobatimes.com\/showup\/wp-json\/wp\/v2\/users\/1"}],"replies":[{"embeddable":true,"href":"https:\/\/www.cordobatimes.com\/showup\/wp-json\/wp\/v2\/comments?post=54648"}],"version-history":[{"count":0,"href":"https:\/\/www.cordobatimes.com\/showup\/wp-json\/wp\/v2\/posts\/54648\/revisions"}],"wp:featuredmedia":[{"embeddable":true,"href":"https:\/\/www.cordobatimes.com\/showup\/wp-json\/wp\/v2\/media\/54649"}],"wp:attachment":[{"href":"https:\/\/www.cordobatimes.com\/showup\/wp-json\/wp\/v2\/media?parent=54648"}],"wp:term":[{"taxonomy":"category","embeddable":true,"href":"https:\/\/www.cordobatimes.com\/showup\/wp-json\/wp\/v2\/categories?post=54648"},{"taxonomy":"post_tag","embeddable":true,"href":"https:\/\/www.cordobatimes.com\/showup\/wp-json\/wp\/v2\/tags?post=54648"}],"curies":[{"name":"wp","href":"https:\/\/api.w.org\/{rel}","templated":true}]}}