{"id":54589,"date":"2017-07-27T20:06:18","date_gmt":"2017-07-27T23:06:18","guid":{"rendered":"http:\/\/www.cordobatimes.com\/showup\/?p=54589"},"modified":"2020-05-21T21:27:28","modified_gmt":"2020-05-22T00:27:28","slug":"los-fuertes-audios-luciano-castro-araceli-gonzalez-quejandose-destrato-reciben-pol-ka","status":"publish","type":"post","link":"https:\/\/www.cordobatimes.com\/showup\/famosos\/2017\/07\/27\/los-fuertes-audios-luciano-castro-araceli-gonzalez-quejandose-destrato-reciben-pol-ka\/","title":{"rendered":"Los fuertes audios de Luciano Castro y Araceli Gonz\u00e1lez quej\u00e1ndose por \u201cel destrato\u201d que reciben en Pol-ka"},"content":{"rendered":"<h3><strong>En las \u00faltimas horas se filtraron dos audios de WhatsApp de los actores con fuertes quejas contra la productora en donde trabajan.<\/strong><\/h3>\n<p>Esc\u00e1ndalo en Pol-ka: en las \u00faltimas horas, alguien filtr\u00f3 viejos audios con fuertes quejas de parte de\u00a0Araceli Gonz\u00e1lez\u00a0y\u00a0Luciano Castro\u00a0por las condiciones de trabajo en la productora. En el primer caso, la ex de Suar compara al lugar \u201ccon el servicio militar\u201d, alegando que no puede hacer 15 tomas por d\u00eda. \u201cYo tambi\u00e9n me tengo que fumar un mont\u00f3n de cosas ah\u00ed adentro\u201d, le dice a su interlocutora, una tal Soledad.<\/p>\n<p><iframe loading=\"lazy\" src=\"https:\/\/www.youtube.com\/embed\/zYhbq8CEpF0\" width=\"560\" height=\"315\" frameborder=\"0\" allowfullscreen=\"allowfullscreen\"><\/iframe><\/p>\n<p>Tras este audio apareci\u00f3 otro de Luciano Castro, aparentemente de la \u00e9poca en que grababan Los ricos no piden permiso. En este caso, el actor dice estar \u201charto de comer todos los mediod\u00edas pollo y zapallo hervido\u201d.<\/p>\n<p><iframe loading=\"lazy\" src=\"https:\/\/www.youtube.com\/embed\/XrqqyUhp590\" width=\"560\" height=\"315\" frameborder=\"0\" allowfullscreen=\"allowfullscreen\"><\/iframe><\/p>\n<p>El humorista gr\u00e1fica Gabriel Lucero aprovech\u00f3 la movida para hacer los audios en versi\u00f3n \u201cc\u00f3mic\u201d<\/p>\n<blockquote class=\"twitter-video\" data-lang=\"es\">\n<p dir=\"ltr\" lang=\"es\">Primero ac\u00e0. Les he dado mi vida. <a href=\"https:\/\/t.co\/YFaRINdHLc\">pic.twitter.com\/YFaRINdHLc<\/a><\/p>\n<p>\u2014 Gabitoh (@gabrielHLucero) <a href=\"https:\/\/twitter.com\/gabrielHLucero\/status\/890612371709939713\">27 de julio de 2017<\/a><\/p><\/blockquote>\n<p><script async src=\"\/\/platform.twitter.com\/widgets.js\" charset=\"utf-8\"><\/script><\/p>\n<blockquote class=\"twitter-video\" data-lang=\"es\">\n<p dir=\"ltr\" lang=\"es\"><a href=\"https:\/\/twitter.com\/hashtag\/genteRota?src=hash\">#genteRota<\/a> Servicio militar actoral. <a href=\"https:\/\/t.co\/wHK252vOHi\">pic.twitter.com\/wHK252vOHi<\/a><\/p>\n<p>\u2014 Gabitoh (@gabrielHLucero) <a href=\"https:\/\/twitter.com\/gabrielHLucero\/status\/889615290451054592\">24 de julio de 2017<\/a><\/p><\/blockquote>\n<p><script async src=\"\/\/platform.twitter.com\/widgets.js\" charset=\"utf-8\"><\/script><\/p>\n","protected":false},"excerpt":{"rendered":"<p>En las \u00faltimas horas se filtraron dos audios de WhatsApp de los actores con fuertes quejas contra la productora en donde trabajan. Esc\u00e1ndalo en Pol-ka: en las \u00faltimas horas, alguien filtr\u00f3 viejos audios con fuertes quejas de parte de\u00a0Araceli Gonz\u00e1lez\u00a0y\u00a0Luciano Castro\u00a0por las condiciones de trabajo en la productora. En el primer caso, la ex de [&hellip;]<\/p>\n","protected":false},"author":1,"featured_media":54590,"comment_status":"closed","ping_status":"closed","sticky":false,"template":"","format":"standard","meta":{"_seopress_robots_primary_cat":"","_seopress_titles_title":"","_seopress_titles_desc":"","_seopress_robots_index":"","footnotes":""},"categories":[4],"tags":[18303,18301,18302,18300],"class_list":{"0":"post-54589","1":"post","2":"type-post","3":"status-publish","4":"format-standard","5":"has-post-thumbnail","7":"category-famosos","8":"tag-audio-de-araceli-gonzalez","9":"tag-audio-de-luciano-castro","10":"tag-audios-de-luciano-castro-y-araceli-gonzalez","11":"tag-luciano-castro-y-araceli-gonzalez"},"_links":{"self":[{"href":"https:\/\/www.cordobatimes.com\/showup\/wp-json\/wp\/v2\/posts\/54589","targetHints":{"allow":["GET"]}}],"collection":[{"href":"https:\/\/www.cordobatimes.com\/showup\/wp-json\/wp\/v2\/posts"}],"about":[{"href":"https:\/\/www.cordobatimes.com\/showup\/wp-json\/wp\/v2\/types\/post"}],"author":[{"embeddable":true,"href":"https:\/\/www.cordobatimes.com\/showup\/wp-json\/wp\/v2\/users\/1"}],"replies":[{"embeddable":true,"href":"https:\/\/www.cordobatimes.com\/showup\/wp-json\/wp\/v2\/comments?post=54589"}],"version-history":[{"count":0,"href":"https:\/\/www.cordobatimes.com\/showup\/wp-json\/wp\/v2\/posts\/54589\/revisions"}],"wp:featuredmedia":[{"embeddable":true,"href":"https:\/\/www.cordobatimes.com\/showup\/wp-json\/wp\/v2\/media\/54590"}],"wp:attachment":[{"href":"https:\/\/www.cordobatimes.com\/showup\/wp-json\/wp\/v2\/media?parent=54589"}],"wp:term":[{"taxonomy":"category","embeddable":true,"href":"https:\/\/www.cordobatimes.com\/showup\/wp-json\/wp\/v2\/categories?post=54589"},{"taxonomy":"post_tag","embeddable":true,"href":"https:\/\/www.cordobatimes.com\/showup\/wp-json\/wp\/v2\/tags?post=54589"}],"curies":[{"name":"wp","href":"https:\/\/api.w.org\/{rel}","templated":true}]}}