{"id":54529,"date":"2017-07-25T18:38:00","date_gmt":"2017-07-25T21:38:00","guid":{"rendered":"http:\/\/www.cordobatimes.com\/showup\/?p=54529"},"modified":"2020-05-23T12:37:34","modified_gmt":"2020-05-23T15:37:34","slug":"mira-actriz-seria-la-protagonista-la-pelicula-barbie","status":"publish","type":"post","link":"https:\/\/www.cordobatimes.com\/showup\/cine-y-series\/2017\/07\/25\/mira-actriz-seria-la-protagonista-la-pelicula-barbie\/","title":{"rendered":"Mir\u00e1 qu\u00e9 actriz ser\u00eda la protagonista de la pel\u00edcula sobre Barbie"},"content":{"rendered":"<h3><strong>Despu\u00e9s \u00a0de la salida de\u00a0Amy Schumer por problemas de agenda, una famosa actriz de Hollywood estar\u00eda negociando protagonizar el filme.<\/strong><\/h3>\n<p>Anne Hathaway\u00a0negocia con Sony para interpretar a la c\u00e9lebre mu\u00f1eca de juguete Barbie y reemplazar, de esta manera, a Amy Schumer, que estuvo en principio vinculada a ese proyecto, informaron medios especializados.<\/p>\n<p>Seg\u00fan\u00a0The Hollywood Reporter,\u00a0Hathaway podr\u00eda desembarcar en el largometraje al mismo tiempo que la cineasta\u00a0Alethea Jones, a quien han tanteado para dirigir la cinta.<\/p>\n<p>El pasado diciembre se anunci\u00f3 que la comediante Amy Schumer protagonizar\u00eda el filme sobre Barbie, pero finalmente en marzo dej\u00f3 este proyecto por problemas de agenda.<\/p>\n<p>En el \u00faltimo bosquejo conocido sobre esta pel\u00edcula, cuyo estreno est\u00e1 previsto para enero de 2018, la acci\u00f3n giraba en torno a una mujer que vive en Barbieland y que es expulsada de ese mundo por no ser lo suficientemente perfecta, por su personalidad exc\u00e9ntrica y por no ajustarse a los par\u00e1metros de la sociedad en la que vive.<\/p>\n<p>Hathaway gan\u00f3 el Oscar a la mejor actriz secundaria por\u00a0Les Mis\u00e9rables(2012) y su \u00faltimo trabajo es\u00a0Colossal, del realizador espa\u00f1ol Nacho Vigalondo.<\/p>\n<p>La actriz tambi\u00e9n tiene en el horizonte participar en\u00a0Ocean&#8217;s Eight, el filme derivado y con un reparto completamente femenino de la popular saga de acci\u00f3n y comedia\u00a0Ocean&#8217;s Eleven.<\/p>\n<p>&nbsp;<\/p>\n","protected":false},"excerpt":{"rendered":"<p>Despu\u00e9s \u00a0de la salida de\u00a0Amy Schumer por problemas de agenda, una famosa actriz de Hollywood estar\u00eda negociando protagonizar el filme. Anne Hathaway\u00a0negocia con Sony para interpretar a la c\u00e9lebre mu\u00f1eca de juguete Barbie y reemplazar, de esta manera, a Amy Schumer, que estuvo en principio vinculada a ese proyecto, informaron medios especializados. Seg\u00fan\u00a0The Hollywood Reporter,\u00a0Hathaway [&hellip;]<\/p>\n","protected":false},"author":1,"featured_media":54530,"comment_status":"closed","ping_status":"closed","sticky":false,"template":"","format":"standard","meta":{"_seopress_robots_primary_cat":"","_seopress_titles_title":"","_seopress_titles_desc":"","_seopress_robots_index":"","footnotes":""},"categories":[3],"tags":[31627,18259,18258,18257],"class_list":{"0":"post-54529","1":"post","2":"type-post","3":"status-publish","4":"format-standard","5":"has-post-thumbnail","7":"category-cine-y-series","8":"tag-barbie-y-anne-hathaway","9":"tag-muneca-barbie","10":"tag-pelicula-de-barbie","11":"tag-pelicula-sobre-barbie"},"_links":{"self":[{"href":"https:\/\/www.cordobatimes.com\/showup\/wp-json\/wp\/v2\/posts\/54529","targetHints":{"allow":["GET"]}}],"collection":[{"href":"https:\/\/www.cordobatimes.com\/showup\/wp-json\/wp\/v2\/posts"}],"about":[{"href":"https:\/\/www.cordobatimes.com\/showup\/wp-json\/wp\/v2\/types\/post"}],"author":[{"embeddable":true,"href":"https:\/\/www.cordobatimes.com\/showup\/wp-json\/wp\/v2\/users\/1"}],"replies":[{"embeddable":true,"href":"https:\/\/www.cordobatimes.com\/showup\/wp-json\/wp\/v2\/comments?post=54529"}],"version-history":[{"count":0,"href":"https:\/\/www.cordobatimes.com\/showup\/wp-json\/wp\/v2\/posts\/54529\/revisions"}],"wp:featuredmedia":[{"embeddable":true,"href":"https:\/\/www.cordobatimes.com\/showup\/wp-json\/wp\/v2\/media\/54530"}],"wp:attachment":[{"href":"https:\/\/www.cordobatimes.com\/showup\/wp-json\/wp\/v2\/media?parent=54529"}],"wp:term":[{"taxonomy":"category","embeddable":true,"href":"https:\/\/www.cordobatimes.com\/showup\/wp-json\/wp\/v2\/categories?post=54529"},{"taxonomy":"post_tag","embeddable":true,"href":"https:\/\/www.cordobatimes.com\/showup\/wp-json\/wp\/v2\/tags?post=54529"}],"curies":[{"name":"wp","href":"https:\/\/api.w.org\/{rel}","templated":true}]}}