{"id":54506,"date":"2017-07-24T13:31:57","date_gmt":"2017-07-24T16:31:57","guid":{"rendered":"http:\/\/www.cordobatimes.com\/showup\/?p=54506"},"modified":"2020-05-23T12:40:23","modified_gmt":"2020-05-23T15:40:23","slug":"netflix-filma-una-nueva-serie-sera-protagonizada-veronica-castro","status":"publish","type":"post","link":"https:\/\/www.cordobatimes.com\/showup\/cine-y-series\/2017\/07\/24\/netflix-filma-una-nueva-serie-sera-protagonizada-veronica-castro\/","title":{"rendered":"Netflix filma una nueva serie que ser\u00e1 protagonizada por Ver\u00f3nica Castro"},"content":{"rendered":"<h3><strong>La plataforma de streaming comenz\u00f3 la filmaci\u00f3n de\u00a0La casa de las flores.\u00a0<\/strong><\/h3>\n<p>Netflix, la mayor red de televisi\u00f3n por internet, comenz\u00f3 este lunes la filmaci\u00f3n de su nueva serie\u00a0La casa de las flores, protagonizada por la mejicana\u00a0Ver\u00f3nica Castro.<\/p>\n<p>Adem\u00e1s de la actriz de telenovelas, el elenco de la propuesta de 23 episodios de 30 minutos de duraci\u00f3n cada uno que se presenta como una comedia oscura, incluye a Aislinn Derbez y Cecilia Su\u00e1rez, inform\u00f3 la compa\u00f1\u00eda.<\/p>\n<p>La casa de las flores\u00a0dirigida y creada por el mejicano Manolo Caro, incluye en su reparto a Dar\u00edo Yazbek Bernal, Juan Pablo Medina, Arturo R\u00edos, Claudette Maill\u00e9, Lucas Velasquez, Sheryl Rubio, Sof\u00eda Sisniega y Luis de la Rosa, entre otros.<\/p>\n<p>La casa de las flores se desenvuelve en una florer\u00eda familiar aparentemente exitosa e id\u00edlica llena de secretos disfuncionales. Un d\u00eda, el patriarca se da cuenta que su amante de mucho tiempo ha muerto de manera repentina y decide llevar a sus hijos a su hogar junto a su esposa y familia actual, quienes no sab\u00edan de su existencia. La serie explora la necesidad de proteger y perdonar a los seres queridos, sin importar lo inc\u00f3modo que eso pueda ser.<\/p>\n","protected":false},"excerpt":{"rendered":"<p>La plataforma de streaming comenz\u00f3 la filmaci\u00f3n de\u00a0La casa de las flores.\u00a0 Netflix, la mayor red de televisi\u00f3n por internet, comenz\u00f3 este lunes la filmaci\u00f3n de su nueva serie\u00a0La casa de las flores, protagonizada por la mejicana\u00a0Ver\u00f3nica Castro. Adem\u00e1s de la actriz de telenovelas, el elenco de la propuesta de 23 episodios de 30 minutos [&hellip;]<\/p>\n","protected":false},"author":1,"featured_media":54507,"comment_status":"closed","ping_status":"closed","sticky":false,"template":"","format":"standard","meta":{"_seopress_robots_primary_cat":"","_seopress_titles_title":"","_seopress_titles_desc":"","_seopress_robots_index":"","footnotes":""},"categories":[3],"tags":[18237,18238,31628],"class_list":{"0":"post-54506","1":"post","2":"type-post","3":"status-publish","4":"format-standard","5":"has-post-thumbnail","7":"category-cine-y-series","8":"tag-la-casa-de-las-flores","9":"tag-serie-la-casa-de-las-flores","10":"tag-veronica-castro-la-casa-de-las-flores"},"_links":{"self":[{"href":"https:\/\/www.cordobatimes.com\/showup\/wp-json\/wp\/v2\/posts\/54506","targetHints":{"allow":["GET"]}}],"collection":[{"href":"https:\/\/www.cordobatimes.com\/showup\/wp-json\/wp\/v2\/posts"}],"about":[{"href":"https:\/\/www.cordobatimes.com\/showup\/wp-json\/wp\/v2\/types\/post"}],"author":[{"embeddable":true,"href":"https:\/\/www.cordobatimes.com\/showup\/wp-json\/wp\/v2\/users\/1"}],"replies":[{"embeddable":true,"href":"https:\/\/www.cordobatimes.com\/showup\/wp-json\/wp\/v2\/comments?post=54506"}],"version-history":[{"count":0,"href":"https:\/\/www.cordobatimes.com\/showup\/wp-json\/wp\/v2\/posts\/54506\/revisions"}],"wp:featuredmedia":[{"embeddable":true,"href":"https:\/\/www.cordobatimes.com\/showup\/wp-json\/wp\/v2\/media\/54507"}],"wp:attachment":[{"href":"https:\/\/www.cordobatimes.com\/showup\/wp-json\/wp\/v2\/media?parent=54506"}],"wp:term":[{"taxonomy":"category","embeddable":true,"href":"https:\/\/www.cordobatimes.com\/showup\/wp-json\/wp\/v2\/categories?post=54506"},{"taxonomy":"post_tag","embeddable":true,"href":"https:\/\/www.cordobatimes.com\/showup\/wp-json\/wp\/v2\/tags?post=54506"}],"curies":[{"name":"wp","href":"https:\/\/api.w.org\/{rel}","templated":true}]}}