{"id":54466,"date":"2017-07-24T09:24:07","date_gmt":"2017-07-24T12:24:07","guid":{"rendered":"http:\/\/www.cordobatimes.com\/showup\/?p=54466"},"modified":"2020-05-23T12:54:54","modified_gmt":"2020-05-23T15:54:54","slug":"mira-trailer-la-liga-la-justicia","status":"publish","type":"post","link":"https:\/\/www.cordobatimes.com\/showup\/cine-y-series\/2017\/07\/24\/mira-trailer-la-liga-la-justicia\/","title":{"rendered":"Mir\u00e1 el tr\u00e1iler de \u00abLa liga de la justicia\u00bb"},"content":{"rendered":"<h3><strong>En la Comic Con se conoci\u00f3 un nuevo avance de la pel\u00edcula de los superh\u00e9roes. \u00a1No te lo pierdas!<\/strong><\/h3>\n<p>Otro d\u00eda tan esperado por los fans de DC Comics finalmente ha llegado, y es que tras la presentaci\u00f3n de Warner Bros. en el panel de la\u00a0Comic-Con 2017\u00a0de San Diego, se estren\u00f3 un nuevo tr\u00e1iler de La liga de la justicia cargado de acci\u00f3n, donde finalmente vemos al villano de la pel\u00edcula.<\/p>\n<div class=\"body\">\n<p>Steppenwolf aparece en el nuevo material revelado por DC Films, la amenaza a la que deber\u00e1 enfrentar la liga para defender al planeta Tierra de la amenaza espacial comandada por Darkseid. No aparece su rostro, pero se ve tan imponente como se hab\u00eda revelado en los juguetes oficiales del filme.<\/p>\n<p>Claro, hay m\u00e1s de La Mujer Maravilla, Flash, Cyborg y Aquaman, todos haciendo lo que les corresponde. \u00bfY d\u00f3nde est\u00e1 Superman? Pues bien, hay que ver el tr\u00e1iler y esperar hasta el final para ver si es \u00e9l o no.<\/p>\n<p><iframe loading=\"lazy\" src=\"https:\/\/www.youtube.com\/embed\/g_6yBZKj-eo\" width=\"560\" height=\"315\" frameborder=\"0\" allowfullscreen=\"allowfullscreen\"><\/iframe><\/p>\n<\/div>\n","protected":false},"excerpt":{"rendered":"<p>En la Comic Con se conoci\u00f3 un nuevo avance de la pel\u00edcula de los superh\u00e9roes. \u00a1No te lo pierdas! Otro d\u00eda tan esperado por los fans de DC Comics finalmente ha llegado, y es que tras la presentaci\u00f3n de Warner Bros. en el panel de la\u00a0Comic-Con 2017\u00a0de San Diego, se estren\u00f3 un nuevo tr\u00e1iler de [&hellip;]<\/p>\n","protected":false},"author":1,"featured_media":54474,"comment_status":"closed","ping_status":"closed","sticky":false,"template":"","format":"standard","meta":{"_seopress_robots_primary_cat":"","_seopress_titles_title":"","_seopress_titles_desc":"","_seopress_robots_index":"","footnotes":""},"categories":[3],"tags":[31370],"class_list":{"0":"post-54466","1":"post","2":"type-post","3":"status-publish","4":"format-standard","5":"has-post-thumbnail","7":"category-cine-y-series","8":"tag-trailer-de-la-liga-de-la-justicia"},"_links":{"self":[{"href":"https:\/\/www.cordobatimes.com\/showup\/wp-json\/wp\/v2\/posts\/54466","targetHints":{"allow":["GET"]}}],"collection":[{"href":"https:\/\/www.cordobatimes.com\/showup\/wp-json\/wp\/v2\/posts"}],"about":[{"href":"https:\/\/www.cordobatimes.com\/showup\/wp-json\/wp\/v2\/types\/post"}],"author":[{"embeddable":true,"href":"https:\/\/www.cordobatimes.com\/showup\/wp-json\/wp\/v2\/users\/1"}],"replies":[{"embeddable":true,"href":"https:\/\/www.cordobatimes.com\/showup\/wp-json\/wp\/v2\/comments?post=54466"}],"version-history":[{"count":0,"href":"https:\/\/www.cordobatimes.com\/showup\/wp-json\/wp\/v2\/posts\/54466\/revisions"}],"wp:featuredmedia":[{"embeddable":true,"href":"https:\/\/www.cordobatimes.com\/showup\/wp-json\/wp\/v2\/media\/54474"}],"wp:attachment":[{"href":"https:\/\/www.cordobatimes.com\/showup\/wp-json\/wp\/v2\/media?parent=54466"}],"wp:term":[{"taxonomy":"category","embeddable":true,"href":"https:\/\/www.cordobatimes.com\/showup\/wp-json\/wp\/v2\/categories?post=54466"},{"taxonomy":"post_tag","embeddable":true,"href":"https:\/\/www.cordobatimes.com\/showup\/wp-json\/wp\/v2\/tags?post=54466"}],"curies":[{"name":"wp","href":"https:\/\/api.w.org\/{rel}","templated":true}]}}