{"id":54463,"date":"2017-07-22T19:05:35","date_gmt":"2017-07-22T22:05:35","guid":{"rendered":"http:\/\/www.cordobatimes.com\/showup\/?p=54463"},"modified":"2020-05-23T13:03:14","modified_gmt":"2020-05-23T16:03:14","slug":"al-exhumar-los-restos-salvador-dali-descubrieron-bigote-esta-intacto","status":"publish","type":"post","link":"https:\/\/www.cordobatimes.com\/showup\/sociales\/2017\/07\/22\/al-exhumar-los-restos-salvador-dali-descubrieron-bigote-esta-intacto\/","title":{"rendered":"Al exhumar los restos de Salvador Dal\u00ed descubrieron que su bigote est\u00e1 \u00abintacto\u00bb"},"content":{"rendered":"<h3><strong>En la exhumaci\u00f3n del cuerpo de Dal\u00ed se extrajeron muestras de cabello, u\u00f1as, piezas dentales y dos huesos largos. \u00abLa cual se ha realizado sin incidente alguno.<\/strong><\/h3>\n<p>El cuerpo de Salvador Dal\u00ed se encuentra momificado y \u00abmuy bien conservado\u00bb, y su bigote preserva a\u00fan \u00absu cl\u00e1sica postura de las diez y diez\u00bb, seg\u00fan ha explicado este viernes en Figueres (Girona) el secretario de la Fundaci\u00f3n Gala-Dal\u00ed, Luis Pe\u00f1uelas.<\/p>\n<p>En la exhumaci\u00f3n del cuerpo de Dal\u00ed, realizada por estos d\u00edas, fueron extra\u00eddas muestras de cabello, u\u00f1as, piezas dentales y dos huesos largos para analizar el ADN, que la Fundaci\u00f3n ha solicitado que, tras las pruebas, regresen a Figueres para ser devueltas a la tumba.<\/p>\n<p>\u00abLa exhumaci\u00f3n se ha realizado sin incidente alguno remarcable\u00bb, ha explicado Pe\u00f1uelas, que ha comparecido junto al gerente de la fundaci\u00f3n, Juan Manuel Sevillano, la directora de los museos dalinianos, Montse Aguer, y el abogado Albert Segura, del bufete Roca Junyent, para exponer su postura respecto de la exhumaci\u00f3n de Dal\u00ed tras una demanda de paternidad efectuada por la figuerense Pilar Abel. Pe\u00f1uelas ha llegado a calificar la intervenci\u00f3n como \u00abcasi un acto de violencia\u00bb contra el artista fallecido.<\/p>\n<p>Para preservar la intimidad durante la extracci\u00f3n de muestras, se instalaron dos carpas sobre la tumba y el lugar en que trabajaban los forenses y se requisaron los m\u00f3viles de todos los presentes en el interior del Teatro-Museo. \u00abLo importante es que Salvador Dal\u00ed vuelve a descansar bajo la c\u00fapula\u00bb, ha indicado el secretario, en referencia a la b\u00f3veda bajo la que se encuentran los restos. La intervenci\u00f3n comenz\u00f3 anoche a las 20.00 horas con el acceso de la comitiva judicial al Teatro-Museo, y a las 22:20 horas se procedi\u00f3 a la apertura del ataud, que se cerr\u00f3 a las 23:40. \u00abLa situaci\u00f3n ha sido muy incomoda para la Fundaci\u00f3n Gala-Dal\u00ed\u00bb, ha remarcado Pe\u00f1uelas, quien ha concluido que todo lo sucedido \u00abapena\u00bb tanto a los trabajadores de la instituci\u00f3n como a \u00abtodos los que quieren y aprecian\u00bb la figura de Dal\u00ed.<\/p>\n<p><iframe loading=\"lazy\" src=\"https:\/\/www.youtube.com\/embed\/0ampEakg3MI\" width=\"560\" height=\"315\" frameborder=\"0\" allowfullscreen=\"allowfullscreen\"><\/iframe><\/p>\n","protected":false},"excerpt":{"rendered":"<p>En la exhumaci\u00f3n del cuerpo de Dal\u00ed se extrajeron muestras de cabello, u\u00f1as, piezas dentales y dos huesos largos. \u00abLa cual se ha realizado sin incidente alguno. El cuerpo de Salvador Dal\u00ed se encuentra momificado y \u00abmuy bien conservado\u00bb, y su bigote preserva a\u00fan \u00absu cl\u00e1sica postura de las diez y diez\u00bb, seg\u00fan ha explicado [&hellip;]<\/p>\n","protected":false},"author":1,"featured_media":54464,"comment_status":"closed","ping_status":"closed","sticky":false,"template":"","format":"standard","meta":{"_seopress_robots_primary_cat":"","_seopress_titles_title":"","_seopress_titles_desc":"","_seopress_robots_index":"","footnotes":""},"categories":[16638],"tags":[18215,31629,18217],"class_list":{"0":"post-54463","1":"post","2":"type-post","3":"status-publish","4":"format-standard","5":"has-post-thumbnail","7":"category-sociales","8":"tag-exhumacion-del-cuerpo-de-dali","9":"tag-los-restos-de-salvador-dali","10":"tag-salvador-dali-bigote"},"_links":{"self":[{"href":"https:\/\/www.cordobatimes.com\/showup\/wp-json\/wp\/v2\/posts\/54463","targetHints":{"allow":["GET"]}}],"collection":[{"href":"https:\/\/www.cordobatimes.com\/showup\/wp-json\/wp\/v2\/posts"}],"about":[{"href":"https:\/\/www.cordobatimes.com\/showup\/wp-json\/wp\/v2\/types\/post"}],"author":[{"embeddable":true,"href":"https:\/\/www.cordobatimes.com\/showup\/wp-json\/wp\/v2\/users\/1"}],"replies":[{"embeddable":true,"href":"https:\/\/www.cordobatimes.com\/showup\/wp-json\/wp\/v2\/comments?post=54463"}],"version-history":[{"count":0,"href":"https:\/\/www.cordobatimes.com\/showup\/wp-json\/wp\/v2\/posts\/54463\/revisions"}],"wp:featuredmedia":[{"embeddable":true,"href":"https:\/\/www.cordobatimes.com\/showup\/wp-json\/wp\/v2\/media\/54464"}],"wp:attachment":[{"href":"https:\/\/www.cordobatimes.com\/showup\/wp-json\/wp\/v2\/media?parent=54463"}],"wp:term":[{"taxonomy":"category","embeddable":true,"href":"https:\/\/www.cordobatimes.com\/showup\/wp-json\/wp\/v2\/categories?post=54463"},{"taxonomy":"post_tag","embeddable":true,"href":"https:\/\/www.cordobatimes.com\/showup\/wp-json\/wp\/v2\/tags?post=54463"}],"curies":[{"name":"wp","href":"https:\/\/api.w.org\/{rel}","templated":true}]}}