{"id":54436,"date":"2017-07-22T10:41:07","date_gmt":"2017-07-22T13:41:07","guid":{"rendered":"http:\/\/www.cordobatimes.com\/showup\/?p=54436"},"modified":"2020-05-23T13:18:51","modified_gmt":"2020-05-23T16:18:51","slug":"natalia-oreiro-oscar-martinez-fueron-premiados-premio-platino-madrid","status":"publish","type":"post","link":"https:\/\/www.cordobatimes.com\/showup\/cine-y-series\/2017\/07\/22\/natalia-oreiro-oscar-martinez-fueron-premiados-premio-platino-madrid\/","title":{"rendered":"Natalia Oreiro y Oscar Mart\u00ednez fueron premiados con el premio platino en Madrid"},"content":{"rendered":"<p class=\"primero\">El cine argentino arrasa en Madrid. Este viernes Natalia Oreiro y Oscar Mart\u00ednez fueron galardonados en los Premio Platino que hoy hizo entrega de la estatuilla que otorga el p\u00fablico.<\/p>\n<div id=\"hybs-slot-8733d238\" class=\"hybs-slot\">\u00a0Durante esta cuarta edici\u00f3n, Oreiro \u2013que tambi\u00e9n estuvo a cargo de la conducci\u00f3n\u2013 se qued\u00f3 con el Premio Platino del P\u00fablico a la Mejor actriz por su protagonico en\u00a0<em>Gilda, no me arrepiento de este amor<\/em>\u00a0mientras que Mart\u00ednez\u00a0obtuvo su equivalente como Mejor Actor.<\/div>\n<p>A su vez, \u00a0<em>El ciudadano ilustre<\/em>, de Mariano Cohn y Gast\u00f3n Duprat, gan\u00f3 el Premio Platino del P\u00fablico a la Mejor Pel\u00edcula Iberoamericana.<\/p>\n<p>La ceremonia se llevo adelante en el Hotel Palace, del Paseo del Prado madrile\u00f1o, donde medios de Espa\u00f1a, Portugal y Latinoam\u00e9rica cubrieron los elegidos del p\u00fablico.<\/p>\n<p>Esta primer parte de los Premios Platino \u2013donde los espectadores eligen al galardonado\u2013 se elaboran a trav\u00e9s de la votaci\u00f3n en la p\u00e1gina web oficial en tres categor\u00edas: Mejor pel\u00edcula, mejor actor y mejor actriz. Este s\u00e1bado 22 de julio se realizar\u00e1 la ceremonia principal donde\u00a0<em>Un monstruo viene a verme<\/em>\u00a0y\u00a0<em>Neruda<\/em>\u00a0lideran las nominaciones (con 7 y 5 respectivamente).\u00a0<em>Julieta<\/em>\u00a0y\u00a0<em>El ciudadano ilustre<\/em>\u00a0aspiran a cuatro premios.<\/p>\n","protected":false},"excerpt":{"rendered":"<p>El cine argentino arrasa en Madrid. Este viernes Natalia Oreiro y Oscar Mart\u00ednez fueron galardonados en los Premio Platino que hoy hizo entrega de la estatuilla que otorga el p\u00fablico. \u00a0Durante esta cuarta edici\u00f3n, Oreiro \u2013que tambi\u00e9n estuvo a cargo de la conducci\u00f3n\u2013 se qued\u00f3 con el Premio Platino del P\u00fablico a la Mejor actriz [&hellip;]<\/p>\n","protected":false},"author":1,"featured_media":54437,"comment_status":"closed","ping_status":"closed","sticky":false,"template":"","format":"standard","meta":{"_seopress_robots_primary_cat":"","_seopress_titles_title":"","_seopress_titles_desc":"","_seopress_robots_index":"","footnotes":""},"categories":[3],"tags":[18209,31630],"class_list":{"0":"post-54436","1":"post","2":"type-post","3":"status-publish","4":"format-standard","5":"has-post-thumbnail","7":"category-cine-y-series","8":"tag-natalia-oreiro-y-oscar-martinez","9":"tag-natalia-oreiro-y-oscar-martinez-premio-platino"},"_links":{"self":[{"href":"https:\/\/www.cordobatimes.com\/showup\/wp-json\/wp\/v2\/posts\/54436","targetHints":{"allow":["GET"]}}],"collection":[{"href":"https:\/\/www.cordobatimes.com\/showup\/wp-json\/wp\/v2\/posts"}],"about":[{"href":"https:\/\/www.cordobatimes.com\/showup\/wp-json\/wp\/v2\/types\/post"}],"author":[{"embeddable":true,"href":"https:\/\/www.cordobatimes.com\/showup\/wp-json\/wp\/v2\/users\/1"}],"replies":[{"embeddable":true,"href":"https:\/\/www.cordobatimes.com\/showup\/wp-json\/wp\/v2\/comments?post=54436"}],"version-history":[{"count":0,"href":"https:\/\/www.cordobatimes.com\/showup\/wp-json\/wp\/v2\/posts\/54436\/revisions"}],"wp:featuredmedia":[{"embeddable":true,"href":"https:\/\/www.cordobatimes.com\/showup\/wp-json\/wp\/v2\/media\/54437"}],"wp:attachment":[{"href":"https:\/\/www.cordobatimes.com\/showup\/wp-json\/wp\/v2\/media?parent=54436"}],"wp:term":[{"taxonomy":"category","embeddable":true,"href":"https:\/\/www.cordobatimes.com\/showup\/wp-json\/wp\/v2\/categories?post=54436"},{"taxonomy":"post_tag","embeddable":true,"href":"https:\/\/www.cordobatimes.com\/showup\/wp-json\/wp\/v2\/tags?post=54436"}],"curies":[{"name":"wp","href":"https:\/\/api.w.org\/{rel}","templated":true}]}}