{"id":54336,"date":"2017-07-19T11:10:59","date_gmt":"2017-07-19T14:10:59","guid":{"rendered":"http:\/\/www.cordobatimes.com\/showup\/?p=54336"},"modified":"2020-05-23T19:25:39","modified_gmt":"2020-05-23T22:25:39","slug":"inician-rodaje-bohemian-rhapsody-la-biopic-queen","status":"publish","type":"post","link":"https:\/\/www.cordobatimes.com\/showup\/cine-y-series\/2017\/07\/19\/inician-rodaje-bohemian-rhapsody-la-biopic-queen\/","title":{"rendered":"Inician rodaje de &#8216;Bohemian Rhapsody&#8217; la biopic de Queen"},"content":{"rendered":"<h3><strong>Los m\u00fasicos de la banda que a\u00fan viven confirman la noticia en su p\u00e1gina de Facebook.<\/strong><\/h3>\n<p>Luego de un largo periodo de preproducci\u00f3n, problemas con el casting y la constante supervisi\u00f3n de los integrantes de la banda, la biopic de Queen comenz\u00f3 con el rodaje, difundi\u00f3 el sitio cronica.com.mx.<\/p>\n<p>La noticia fue confirmada por la propia agrupaci\u00f3n en su p\u00e1gina de Facebook, donde tambi\u00e9n se comunic\u00f3 sobre la convocatoria de extras para la filmaci\u00f3n.<\/p>\n<p>La pel\u00edcula se titula Bohemian Rhapsody en alusi\u00f3n a la enorme canci\u00f3n del grupo brit\u00e1nico; ser\u00e1 dirigida por Bryan Singer (Sospechosos comunes y X-Men) y protagonizada por Rami Malek (el actor ganador del Emmy por Mr. Robot), quien tendr\u00e1 la ardua tarea de interpretar a Freddie Mercury, papel que actores como Daniel Radcliffe, Sacha Baron Cohen y Ben Whishaw rechazaron.<\/p>\n<p>Brian May y Roger Taylor son productores ejecutivos de la biopic y el guitarrista ya halag\u00f3 el compromiso de Malek con el proyecto:<\/p>\n<p>\u201cVive y respira como Freddie, es maravilloso verlo\u201d, le asegur\u00f3 May a la revista Rolling Stone.<\/p>\n<p>De momento no se ha anunciado qui\u00e9nes ser\u00e1n los actores que encarnen al resto de miembros del grupo, pero los creadores han prometido ir desvelando poco a poco toda la informaci\u00f3n relacionada con la pel\u00edcula.<\/p>\n<p>Por otra parte, en la cuenta oficial de Instagram de Queen han avisado que necesitan a gente para hacer de extra en la producci\u00f3n que se rodar\u00e1 en Londres.<\/p>\n<p>El estreno y presentaci\u00f3n de la cinta est\u00e1 programado para mediados del 2018.<\/p>\n<p>La m\u00fasica estar\u00e1 fielmente asesorada por Brian May y Roger Taylor, quienes tambi\u00e9n son productores ejecutivos del proyecto.<\/p>\n<p>Durante el anuncio del inicio de filmaciones tambi\u00e9n se public\u00f3 la solicitud de extras para la cinta, en la cual se ped\u00eda que los hombres y mujeres lucieran con peinados de los 80.<\/p>\n","protected":false},"excerpt":{"rendered":"<p>Los m\u00fasicos de la banda que a\u00fan viven confirman la noticia en su p\u00e1gina de Facebook. Luego de un largo periodo de preproducci\u00f3n, problemas con el casting y la constante supervisi\u00f3n de los integrantes de la banda, la biopic de Queen comenz\u00f3 con el rodaje, difundi\u00f3 el sitio cronica.com.mx. La noticia fue confirmada por la [&hellip;]<\/p>\n","protected":false},"author":1,"featured_media":54337,"comment_status":"closed","ping_status":"closed","sticky":false,"template":"","format":"standard","meta":{"_seopress_robots_primary_cat":"","_seopress_titles_title":"","_seopress_titles_desc":"","_seopress_robots_index":"","footnotes":""},"categories":[3],"tags":[31639,18186],"class_list":{"0":"post-54336","1":"post","2":"type-post","3":"status-publish","4":"format-standard","5":"has-post-thumbnail","7":"category-cine-y-series","8":"tag-bohemian-rhapsody-la-biopic-de-queen","9":"tag-biopic-de-queen"},"_links":{"self":[{"href":"https:\/\/www.cordobatimes.com\/showup\/wp-json\/wp\/v2\/posts\/54336","targetHints":{"allow":["GET"]}}],"collection":[{"href":"https:\/\/www.cordobatimes.com\/showup\/wp-json\/wp\/v2\/posts"}],"about":[{"href":"https:\/\/www.cordobatimes.com\/showup\/wp-json\/wp\/v2\/types\/post"}],"author":[{"embeddable":true,"href":"https:\/\/www.cordobatimes.com\/showup\/wp-json\/wp\/v2\/users\/1"}],"replies":[{"embeddable":true,"href":"https:\/\/www.cordobatimes.com\/showup\/wp-json\/wp\/v2\/comments?post=54336"}],"version-history":[{"count":0,"href":"https:\/\/www.cordobatimes.com\/showup\/wp-json\/wp\/v2\/posts\/54336\/revisions"}],"wp:featuredmedia":[{"embeddable":true,"href":"https:\/\/www.cordobatimes.com\/showup\/wp-json\/wp\/v2\/media\/54337"}],"wp:attachment":[{"href":"https:\/\/www.cordobatimes.com\/showup\/wp-json\/wp\/v2\/media?parent=54336"}],"wp:term":[{"taxonomy":"category","embeddable":true,"href":"https:\/\/www.cordobatimes.com\/showup\/wp-json\/wp\/v2\/categories?post=54336"},{"taxonomy":"post_tag","embeddable":true,"href":"https:\/\/www.cordobatimes.com\/showup\/wp-json\/wp\/v2\/tags?post=54336"}],"curies":[{"name":"wp","href":"https:\/\/api.w.org\/{rel}","templated":true}]}}