{"id":54237,"date":"2017-07-14T11:35:25","date_gmt":"2017-07-14T14:35:25","guid":{"rendered":"http:\/\/www.cordobatimes.com\/showup\/?p=54237"},"modified":"2020-05-23T20:30:45","modified_gmt":"2020-05-23T23:30:45","slug":"mira-corto-no-oficial-star-wars","status":"publish","type":"post","link":"https:\/\/www.cordobatimes.com\/showup\/cine-y-series\/2017\/07\/14\/mira-corto-no-oficial-star-wars\/","title":{"rendered":"Mir\u00e1 el corto no oficial de \u00abStar Wars\u00bb"},"content":{"rendered":"<p>Circulando en la web te encontrar\u00e1s con un corto no oficial de\u00a0Star Wars. El video en cuesti\u00f3n se llama\u00a0Dark Legacy\u00a0y est\u00e1 ambientado en \u201cuna esquina olvidada del universo de Star Wars\u201d, donde los maestros Sith han instalado su hogar.<\/p>\n<p>Los valores de producci\u00f3n del corto son bastante altos, quiz\u00e1s hasta demasiado altos para tratarse de algo no oficial que \u201cen ning\u00fan caso quiere competir ni desacreditar ning\u00fan material actual o futuro basado en la creaci\u00f3n de George Lucas\u201d, seg\u00fan el creador del proyecto.<\/p>\n<p><iframe loading=\"lazy\" src=\"https:\/\/www.youtube.com\/embed\/_gKpJy3bzaw\" width=\"560\" height=\"315\" frameborder=\"0\" allowfullscreen=\"allowfullscreen\"><\/iframe><\/p>\n","protected":false},"excerpt":{"rendered":"<p>Circulando en la web te encontrar\u00e1s con un corto no oficial de\u00a0Star Wars. El video en cuesti\u00f3n se llama\u00a0Dark Legacy\u00a0y est\u00e1 ambientado en \u201cuna esquina olvidada del universo de Star Wars\u201d, donde los maestros Sith han instalado su hogar. Los valores de producci\u00f3n del corto son bastante altos, quiz\u00e1s hasta demasiado altos para tratarse de [&hellip;]<\/p>\n","protected":false},"author":1,"featured_media":54238,"comment_status":"closed","ping_status":"closed","sticky":false,"template":"","format":"standard","meta":{"_seopress_robots_primary_cat":"","_seopress_titles_title":"","_seopress_titles_desc":"","_seopress_robots_index":"","footnotes":""},"categories":[3],"tags":[18165],"class_list":{"0":"post-54237","1":"post","2":"type-post","3":"status-publish","4":"format-standard","5":"has-post-thumbnail","7":"category-cine-y-series","8":"tag-corto-no-oficial-de-star-wars"},"_links":{"self":[{"href":"https:\/\/www.cordobatimes.com\/showup\/wp-json\/wp\/v2\/posts\/54237","targetHints":{"allow":["GET"]}}],"collection":[{"href":"https:\/\/www.cordobatimes.com\/showup\/wp-json\/wp\/v2\/posts"}],"about":[{"href":"https:\/\/www.cordobatimes.com\/showup\/wp-json\/wp\/v2\/types\/post"}],"author":[{"embeddable":true,"href":"https:\/\/www.cordobatimes.com\/showup\/wp-json\/wp\/v2\/users\/1"}],"replies":[{"embeddable":true,"href":"https:\/\/www.cordobatimes.com\/showup\/wp-json\/wp\/v2\/comments?post=54237"}],"version-history":[{"count":0,"href":"https:\/\/www.cordobatimes.com\/showup\/wp-json\/wp\/v2\/posts\/54237\/revisions"}],"wp:featuredmedia":[{"embeddable":true,"href":"https:\/\/www.cordobatimes.com\/showup\/wp-json\/wp\/v2\/media\/54238"}],"wp:attachment":[{"href":"https:\/\/www.cordobatimes.com\/showup\/wp-json\/wp\/v2\/media?parent=54237"}],"wp:term":[{"taxonomy":"category","embeddable":true,"href":"https:\/\/www.cordobatimes.com\/showup\/wp-json\/wp\/v2\/categories?post=54237"},{"taxonomy":"post_tag","embeddable":true,"href":"https:\/\/www.cordobatimes.com\/showup\/wp-json\/wp\/v2\/tags?post=54237"}],"curies":[{"name":"wp","href":"https:\/\/api.w.org\/{rel}","templated":true}]}}