{"id":54114,"date":"2017-07-12T10:57:02","date_gmt":"2017-07-12T13:57:02","guid":{"rendered":"http:\/\/www.cordobatimes.com\/showup\/?p=54114"},"modified":"2020-05-23T20:47:37","modified_gmt":"2020-05-23T23:47:37","slug":"ataque-77-se-separa-despues-de-30-anos","status":"publish","type":"post","link":"https:\/\/www.cordobatimes.com\/showup\/musica\/2017\/07\/12\/ataque-77-se-separa-despues-de-30-anos\/","title":{"rendered":"Ataque 77  se separa despu\u00e9s de 30 a\u00f1os"},"content":{"rendered":"<p>La banda de rock argentina Attaque 77 anunci\u00f3 que se separa luego de 30 a\u00f1os de trayectoria.<\/p>\n<p>La noticia la dio a conocer su l\u00edder, cantante y guitarrista Mariano Mart\u00ednez a trav\u00e9s de un video en las redes sociales.<\/p>\n<p>Sin embargo, los fan\u00e1ticos tendr\u00e1n una \u00faltima oportunidad de escucharlos en vivo y deleitarse con novedades del grupo.<\/p>\n<p>Mart\u00ednez explic\u00f3 que la banda sacar\u00e1 este a\u00f1o un nuevo disco y brindar\u00e1 un concierto especial por los 30 a\u00f1os.<\/p>\n<p><iframe loading=\"lazy\" src=\"https:\/\/www.youtube.com\/embed\/cbfQcHMyKkM\" width=\"560\" height=\"315\" frameborder=\"0\" allowfullscreen=\"allowfullscreen\"><\/iframe><\/p>\n","protected":false},"excerpt":{"rendered":"<p>La banda de rock argentina Attaque 77 anunci\u00f3 que se separa luego de 30 a\u00f1os de trayectoria. La noticia la dio a conocer su l\u00edder, cantante y guitarrista Mariano Mart\u00ednez a trav\u00e9s de un video en las redes sociales. Sin embargo, los fan\u00e1ticos tendr\u00e1n una \u00faltima oportunidad de escucharlos en vivo y deleitarse con novedades [&hellip;]<\/p>\n","protected":false},"author":1,"featured_media":54115,"comment_status":"closed","ping_status":"closed","sticky":false,"template":"","format":"standard","meta":{"_seopress_robots_primary_cat":"","_seopress_titles_title":"","_seopress_titles_desc":"","_seopress_robots_index":"","footnotes":""},"categories":[5],"tags":[31650,31651],"class_list":{"0":"post-54114","1":"post","2":"type-post","3":"status-publish","4":"format-standard","5":"has-post-thumbnail","7":"category-musica","8":"tag-ataque-77-se-separa","9":"tag-separacion-de-ataque-77-se-separa"},"_links":{"self":[{"href":"https:\/\/www.cordobatimes.com\/showup\/wp-json\/wp\/v2\/posts\/54114","targetHints":{"allow":["GET"]}}],"collection":[{"href":"https:\/\/www.cordobatimes.com\/showup\/wp-json\/wp\/v2\/posts"}],"about":[{"href":"https:\/\/www.cordobatimes.com\/showup\/wp-json\/wp\/v2\/types\/post"}],"author":[{"embeddable":true,"href":"https:\/\/www.cordobatimes.com\/showup\/wp-json\/wp\/v2\/users\/1"}],"replies":[{"embeddable":true,"href":"https:\/\/www.cordobatimes.com\/showup\/wp-json\/wp\/v2\/comments?post=54114"}],"version-history":[{"count":0,"href":"https:\/\/www.cordobatimes.com\/showup\/wp-json\/wp\/v2\/posts\/54114\/revisions"}],"wp:featuredmedia":[{"embeddable":true,"href":"https:\/\/www.cordobatimes.com\/showup\/wp-json\/wp\/v2\/media\/54115"}],"wp:attachment":[{"href":"https:\/\/www.cordobatimes.com\/showup\/wp-json\/wp\/v2\/media?parent=54114"}],"wp:term":[{"taxonomy":"category","embeddable":true,"href":"https:\/\/www.cordobatimes.com\/showup\/wp-json\/wp\/v2\/categories?post=54114"},{"taxonomy":"post_tag","embeddable":true,"href":"https:\/\/www.cordobatimes.com\/showup\/wp-json\/wp\/v2\/tags?post=54114"}],"curies":[{"name":"wp","href":"https:\/\/api.w.org\/{rel}","templated":true}]}}