{"id":54105,"date":"2017-07-11T19:12:34","date_gmt":"2017-07-11T22:12:34","guid":{"rendered":"http:\/\/www.cordobatimes.com\/showup\/?p=54105"},"modified":"2020-05-23T20:51:38","modified_gmt":"2020-05-23T23:51:38","slug":"el-trailer-hot-del-film-de-guillermo-francella-y-luisana-lopilato","status":"publish","type":"post","link":"https:\/\/www.cordobatimes.com\/showup\/cine-y-series\/2017\/07\/11\/el-trailer-hot-del-film-de-guillermo-francella-y-luisana-lopilato\/","title":{"rendered":"El tr\u00e1iler hot del film de Guillermo Francella y Luisana Lopilato"},"content":{"rendered":"<h3><strong>Se trata de \u00abLos que aman odian\u00bb, la nueva pel\u00edcula de Alejandro Maci.\u00a0<\/strong><\/h3>\n<p>Guillermo Francella y Luisana Lopilato protagonizan escenas de alto voltaje en su nueva pel\u00edcula \u00abLos que aman odian\u00bb, cuyo adelanto fue presentado ayer en YouTube.<\/p>\n<p><iframe loading=\"lazy\" src=\"https:\/\/www.youtube.com\/embed\/7MZehQRtC_8\" width=\"560\" height=\"315\" frameborder=\"0\" allowfullscreen=\"allowfullscreen\"><\/iframe><\/p>\n<p>Por tal motivo, los protagonistas de \u00abCasados con hijos\u00bb generaron gran expectativa entre sus seguidores.<\/p>\n<p>El film, dirigido por Alejandro Maci, se estrenar\u00e1 el pr\u00f3ximo 7 de septiembre en las salas del pa\u00eds.<\/p>\n","protected":false},"excerpt":{"rendered":"<p>Se trata de \u00abLos que aman odian\u00bb, la nueva pel\u00edcula de Alejandro Maci.\u00a0 Guillermo Francella y Luisana Lopilato protagonizan escenas de alto voltaje en su nueva pel\u00edcula \u00abLos que aman odian\u00bb, cuyo adelanto fue presentado ayer en YouTube. Por tal motivo, los protagonistas de \u00abCasados con hijos\u00bb generaron gran expectativa entre sus seguidores. El film, [&hellip;]<\/p>\n","protected":false},"author":1,"featured_media":54106,"comment_status":"closed","ping_status":"closed","sticky":false,"template":"","format":"standard","meta":{"_seopress_robots_primary_cat":"","_seopress_titles_title":"","_seopress_titles_desc":"","_seopress_robots_index":"","footnotes":""},"categories":[3],"tags":[18137,18136,31653],"class_list":{"0":"post-54105","1":"post","2":"type-post","3":"status-publish","4":"format-standard","5":"has-post-thumbnail","7":"category-cine-y-series","8":"tag-guillermo-francella-y-luisana-lopilato","9":"tag-los-que-aman-odian","10":"tag-trailer-de-los-que-aman-odian"},"_links":{"self":[{"href":"https:\/\/www.cordobatimes.com\/showup\/wp-json\/wp\/v2\/posts\/54105","targetHints":{"allow":["GET"]}}],"collection":[{"href":"https:\/\/www.cordobatimes.com\/showup\/wp-json\/wp\/v2\/posts"}],"about":[{"href":"https:\/\/www.cordobatimes.com\/showup\/wp-json\/wp\/v2\/types\/post"}],"author":[{"embeddable":true,"href":"https:\/\/www.cordobatimes.com\/showup\/wp-json\/wp\/v2\/users\/1"}],"replies":[{"embeddable":true,"href":"https:\/\/www.cordobatimes.com\/showup\/wp-json\/wp\/v2\/comments?post=54105"}],"version-history":[{"count":0,"href":"https:\/\/www.cordobatimes.com\/showup\/wp-json\/wp\/v2\/posts\/54105\/revisions"}],"wp:featuredmedia":[{"embeddable":true,"href":"https:\/\/www.cordobatimes.com\/showup\/wp-json\/wp\/v2\/media\/54106"}],"wp:attachment":[{"href":"https:\/\/www.cordobatimes.com\/showup\/wp-json\/wp\/v2\/media?parent=54105"}],"wp:term":[{"taxonomy":"category","embeddable":true,"href":"https:\/\/www.cordobatimes.com\/showup\/wp-json\/wp\/v2\/categories?post=54105"},{"taxonomy":"post_tag","embeddable":true,"href":"https:\/\/www.cordobatimes.com\/showup\/wp-json\/wp\/v2\/tags?post=54105"}],"curies":[{"name":"wp","href":"https:\/\/api.w.org\/{rel}","templated":true}]}}