{"id":53395,"date":"2017-06-13T10:41:38","date_gmt":"2017-06-13T13:41:38","guid":{"rendered":"http:\/\/www.cordobatimes.com\/showup\/?p=53395"},"modified":"2020-05-20T21:38:18","modified_gmt":"2020-05-21T00:38:18","slug":"gran-regreso-los-campeones-pedro-alfonso-y-flor-vigna-volvieron-a-la-pista-con-una-coreo-excelente","status":"publish","type":"post","link":"https:\/\/www.cordobatimes.com\/showup\/showmatch\/2017\/06\/13\/gran-regreso-los-campeones-pedro-alfonso-y-flor-vigna-volvieron-a-la-pista-con-una-coreo-excelente\/","title":{"rendered":"\u00a1Gran regreso! Los campeones Pedro Alfonso y Flor Vigna volvieron a la pista con una coreo excelente"},"content":{"rendered":"<h3><strong>Como si no hubiese pasado el tiempo, los due\u00f1os del t\u00edtulo del a\u00f1o pasado brillaron al ritmo de la m\u00fasica disco.<\/strong><\/h3>\n<p>\u00bfQui\u00e9n dijo que las segundas partes nunca fueron buenas? Pedro Alfonso y Flor Vigna regresaron al Bailando y protagonizaron una espectacular coreograf\u00eda que fue reconocida por el jurado.<\/p>\n<p>Los campeones vigentes del certamen brillaron como si el tiempo no hubiera pasado y no pareci\u00f3 que el cambio de coach los haya afectado.<\/p>\n<p><iframe loading=\"lazy\" src=\"https:\/\/www.youtube.com\/embed\/mUz0x4gf6yo\" width=\"560\" height=\"315\" frameborder=\"0\" allowfullscreen=\"allowfullscreen\"><\/iframe><\/p>\n<p><iframe loading=\"lazy\" src=\"https:\/\/www.youtube.com\/embed\/-C9ZLuRK2Ao\" width=\"560\" height=\"315\" frameborder=\"0\" allowfullscreen=\"allowfullscreen\"><\/iframe><\/p>\n","protected":false},"excerpt":{"rendered":"<p>Como si no hubiese pasado el tiempo, los due\u00f1os del t\u00edtulo del a\u00f1o pasado brillaron al ritmo de la m\u00fasica disco. \u00bfQui\u00e9n dijo que las segundas partes nunca fueron buenas? Pedro Alfonso y Flor Vigna regresaron al Bailando y protagonizaron una espectacular coreograf\u00eda que fue reconocida por el jurado. Los campeones vigentes del certamen brillaron [&hellip;]<\/p>\n","protected":false},"author":1,"featured_media":53396,"comment_status":"closed","ping_status":"closed","sticky":false,"template":"","format":"standard","meta":{"_seopress_robots_primary_cat":"","_seopress_titles_title":"","_seopress_titles_desc":"","_seopress_robots_index":"","footnotes":""},"categories":[477],"tags":[16656],"class_list":{"0":"post-53395","1":"post","2":"type-post","3":"status-publish","4":"format-standard","5":"has-post-thumbnail","7":"category-showmatch","8":"tag-pedro-alfonso-y-flor-vigna"},"_links":{"self":[{"href":"https:\/\/www.cordobatimes.com\/showup\/wp-json\/wp\/v2\/posts\/53395","targetHints":{"allow":["GET"]}}],"collection":[{"href":"https:\/\/www.cordobatimes.com\/showup\/wp-json\/wp\/v2\/posts"}],"about":[{"href":"https:\/\/www.cordobatimes.com\/showup\/wp-json\/wp\/v2\/types\/post"}],"author":[{"embeddable":true,"href":"https:\/\/www.cordobatimes.com\/showup\/wp-json\/wp\/v2\/users\/1"}],"replies":[{"embeddable":true,"href":"https:\/\/www.cordobatimes.com\/showup\/wp-json\/wp\/v2\/comments?post=53395"}],"version-history":[{"count":0,"href":"https:\/\/www.cordobatimes.com\/showup\/wp-json\/wp\/v2\/posts\/53395\/revisions"}],"wp:featuredmedia":[{"embeddable":true,"href":"https:\/\/www.cordobatimes.com\/showup\/wp-json\/wp\/v2\/media\/53396"}],"wp:attachment":[{"href":"https:\/\/www.cordobatimes.com\/showup\/wp-json\/wp\/v2\/media?parent=53395"}],"wp:term":[{"taxonomy":"category","embeddable":true,"href":"https:\/\/www.cordobatimes.com\/showup\/wp-json\/wp\/v2\/categories?post=53395"},{"taxonomy":"post_tag","embeddable":true,"href":"https:\/\/www.cordobatimes.com\/showup\/wp-json\/wp\/v2\/tags?post=53395"}],"curies":[{"name":"wp","href":"https:\/\/api.w.org\/{rel}","templated":true}]}}