{"id":53272,"date":"2017-06-07T14:03:12","date_gmt":"2017-06-07T17:03:12","guid":{"rendered":"http:\/\/www.cordobatimes.com\/showup\/?p=53272"},"modified":"2020-05-21T11:48:16","modified_gmt":"2020-05-21T14:48:16","slug":"con-toda-su-belleza-y-con-mucho-ritmo-lali-esposito-le-puso-glamour-a-la-alfombra-roja-de-los-premios-gardel-2017","status":"publish","type":"post","link":"https:\/\/www.cordobatimes.com\/showup\/musica\/2017\/06\/07\/con-toda-su-belleza-y-con-mucho-ritmo-lali-esposito-le-puso-glamour-a-la-alfombra-roja-de-los-premios-gardel-2017\/","title":{"rendered":"Con toda su belleza y con mucho ritmo, Lali Esp\u00f3sito le puso glamour a la alfombra roja  de los Premios Gardel 2017"},"content":{"rendered":"<h3><strong>La \u00eddola teen brill\u00f3 como siempre con un look muy elegante en la previa a la entrega de los premios a la m\u00fasica.\u00a0<\/strong><\/h3>\n<p>Antes del inicio de la edici\u00f3n 19 de los Premios Gardel 2017 por la pantalla de Todo Noticias, la alfombra roja alberg\u00f3 a puro lujo a los ternados e invitados a la ceremonia que reconoce la labor de lo mejor de la industria de la m\u00fasica nacional.<\/p>\n<p>Lali Esp\u00f3sito fue una de las grandes protagonistas de ese momento, en la antesala del Gran Rex. Y la joven artista se luci\u00f3 con un look a puro glam: rodeada de los flashes arrib\u00f3 al teatro a las 21.20 con un vestido amarillo muy elegante.<\/p>\n<p><img alt=\"\" loading=\"lazy\" decoding=\"async\" class=\"alignnone size-full wp-image-53274\" src=\"http:\/\/www.cordobatimes.com\/showup\/wp-content\/uploads\/2017\/06\/DBrdm5lXkAIkqJl.jpg\" alt=\"\" width=\"811\" height=\"1053\" srcset=\"https:\/\/www.cordobatimes.com\/showup\/wp-content\/uploads\/2017\/06\/DBrdm5lXkAIkqJl.jpg 811w, https:\/\/www.cordobatimes.com\/showup\/wp-content\/uploads\/2017\/06\/DBrdm5lXkAIkqJl-323x420.jpg 323w, https:\/\/www.cordobatimes.com\/showup\/wp-content\/uploads\/2017\/06\/DBrdm5lXkAIkqJl-768x997.jpg 768w, https:\/\/www.cordobatimes.com\/showup\/wp-content\/uploads\/2017\/06\/DBrdm5lXkAIkqJl-789x1024.jpg 789w, https:\/\/www.cordobatimes.com\/showup\/wp-content\/uploads\/2017\/06\/DBrdm5lXkAIkqJl-578x750.jpg 578w\" sizes=\"auto, (max-width: 811px) 100vw, 811px\" \/>Las fan\u00e1ticas de Lali (\u00abLas Lalitas\u00bb) se acercaron al Rex desde horas muy tempranas de la tarde y aguardaron con ansiedad la llegada de su \u00eddola, que viene de brillar, el domingo pasado en los Premios MTV MIAW 2017, en donde gan\u00f3 dos estatuillas por las categor\u00edas de \u00abMejor Artista Argentina\u00bb y \u00abVideo del a\u00f1o\u00bb.<\/p>\n<p>\u00a1Mir\u00e1! \u00a0la presentaci\u00f3n de Lali en los Premios Gardel.<\/p>\n<p><iframe loading=\"lazy\" src=\"https:\/\/www.youtube.com\/embed\/WxUXtxiekLs\" width=\"560\" height=\"315\" frameborder=\"0\" allowfullscreen=\"allowfullscreen\"><\/iframe><\/p>\n","protected":false},"excerpt":{"rendered":"<p>La \u00eddola teen brill\u00f3 como siempre con un look muy elegante en la previa a la entrega de los premios a la m\u00fasica.\u00a0 Antes del inicio de la edici\u00f3n 19 de los Premios Gardel 2017 por la pantalla de Todo Noticias, la alfombra roja alberg\u00f3 a puro lujo a los ternados e invitados a la [&hellip;]<\/p>\n","protected":false},"author":1,"featured_media":53273,"comment_status":"closed","ping_status":"closed","sticky":false,"template":"","format":"standard","meta":{"_seopress_robots_primary_cat":"","_seopress_titles_title":"","_seopress_titles_desc":"","_seopress_robots_index":"","footnotes":""},"categories":[5],"tags":[31605],"class_list":{"0":"post-53272","1":"post","2":"type-post","3":"status-publish","4":"format-standard","5":"has-post-thumbnail","7":"category-musica","8":"tag-lali-esposito-en-los-premios-gardel-2017"},"_links":{"self":[{"href":"https:\/\/www.cordobatimes.com\/showup\/wp-json\/wp\/v2\/posts\/53272","targetHints":{"allow":["GET"]}}],"collection":[{"href":"https:\/\/www.cordobatimes.com\/showup\/wp-json\/wp\/v2\/posts"}],"about":[{"href":"https:\/\/www.cordobatimes.com\/showup\/wp-json\/wp\/v2\/types\/post"}],"author":[{"embeddable":true,"href":"https:\/\/www.cordobatimes.com\/showup\/wp-json\/wp\/v2\/users\/1"}],"replies":[{"embeddable":true,"href":"https:\/\/www.cordobatimes.com\/showup\/wp-json\/wp\/v2\/comments?post=53272"}],"version-history":[{"count":0,"href":"https:\/\/www.cordobatimes.com\/showup\/wp-json\/wp\/v2\/posts\/53272\/revisions"}],"wp:featuredmedia":[{"embeddable":true,"href":"https:\/\/www.cordobatimes.com\/showup\/wp-json\/wp\/v2\/media\/53273"}],"wp:attachment":[{"href":"https:\/\/www.cordobatimes.com\/showup\/wp-json\/wp\/v2\/media?parent=53272"}],"wp:term":[{"taxonomy":"category","embeddable":true,"href":"https:\/\/www.cordobatimes.com\/showup\/wp-json\/wp\/v2\/categories?post=53272"},{"taxonomy":"post_tag","embeddable":true,"href":"https:\/\/www.cordobatimes.com\/showup\/wp-json\/wp\/v2\/tags?post=53272"}],"curies":[{"name":"wp","href":"https:\/\/api.w.org\/{rel}","templated":true}]}}