{"id":53266,"date":"2017-06-07T12:55:38","date_gmt":"2017-06-07T15:55:38","guid":{"rendered":"http:\/\/www.cordobatimes.com\/showup\/?p=53266"},"modified":"2020-05-21T11:52:00","modified_gmt":"2020-05-21T14:52:00","slug":"abel-pintos-gano-el-gardel-de-oro-por-tercera-vez","status":"publish","type":"post","link":"https:\/\/www.cordobatimes.com\/showup\/musica\/2017\/06\/07\/abel-pintos-gano-el-gardel-de-oro-por-tercera-vez\/","title":{"rendered":"Abel Pintos gan\u00f3 el Gardel de Oro por tercera vez"},"content":{"rendered":"<h3><strong>La premiaci\u00f3n tuvo su primera etapa en el Teatro Opera a partir de las 18 donde se entregaron algunos galardones y luego otra en el Gran Rex.<\/strong><\/h3>\n<p class=\"primero\">El cantautor Abel Pintos gan\u00f3 el Carlos Gardel Oro por tercera vez en su carrera y se alz\u00f3 con tres de las siete estatuillas a las que estaba nominado anoche en los premios que otorga la C\u00e1mara Argentina de Productores de Fonogramas y Videogramas (Capif). A Pintos lo secundaron el tr\u00edo rockero Carajo con su producci\u00f3n Independiente \u201cHoy como ayer\u201d que gan\u00f3 dos estatuillas, Babas\u00f3nicos con otras dos por \u201cImpuesto de Fe\u201d y otro tr\u00edo del rock Eruca Sativa tambi\u00e9n ganando dos preseas con \u201cBarro y Fauna\u201d.<\/p>\n<div id=\"hybs-slot-8733d238\" class=\"hybs-slot\">\u00a0La premiaci\u00f3n tuvo su primera etapa en el Teatro Opera a partir de las 18 donde se entregaron algunos galardones y actuaron los grupos Pericos y Barco, mientras que a las 22 cruz\u00f3 la Avenida Corrientes y se instal\u00f3 en el Gran Rex.<\/div>\n","protected":false},"excerpt":{"rendered":"<p>La premiaci\u00f3n tuvo su primera etapa en el Teatro Opera a partir de las 18 donde se entregaron algunos galardones y luego otra en el Gran Rex. El cantautor Abel Pintos gan\u00f3 el Carlos Gardel Oro por tercera vez en su carrera y se alz\u00f3 con tres de las siete estatuillas a las que estaba [&hellip;]<\/p>\n","protected":false},"author":1,"featured_media":53267,"comment_status":"closed","ping_status":"closed","sticky":false,"template":"","format":"standard","meta":{"_seopress_robots_primary_cat":"","_seopress_titles_title":"","_seopress_titles_desc":"","_seopress_robots_index":"","footnotes":""},"categories":[5],"tags":[31606],"class_list":{"0":"post-53266","1":"post","2":"type-post","3":"status-publish","4":"format-standard","5":"has-post-thumbnail","7":"category-musica","8":"tag-abel-pintos-gano-el-gardel-de-oro"},"_links":{"self":[{"href":"https:\/\/www.cordobatimes.com\/showup\/wp-json\/wp\/v2\/posts\/53266","targetHints":{"allow":["GET"]}}],"collection":[{"href":"https:\/\/www.cordobatimes.com\/showup\/wp-json\/wp\/v2\/posts"}],"about":[{"href":"https:\/\/www.cordobatimes.com\/showup\/wp-json\/wp\/v2\/types\/post"}],"author":[{"embeddable":true,"href":"https:\/\/www.cordobatimes.com\/showup\/wp-json\/wp\/v2\/users\/1"}],"replies":[{"embeddable":true,"href":"https:\/\/www.cordobatimes.com\/showup\/wp-json\/wp\/v2\/comments?post=53266"}],"version-history":[{"count":0,"href":"https:\/\/www.cordobatimes.com\/showup\/wp-json\/wp\/v2\/posts\/53266\/revisions"}],"wp:featuredmedia":[{"embeddable":true,"href":"https:\/\/www.cordobatimes.com\/showup\/wp-json\/wp\/v2\/media\/53267"}],"wp:attachment":[{"href":"https:\/\/www.cordobatimes.com\/showup\/wp-json\/wp\/v2\/media?parent=53266"}],"wp:term":[{"taxonomy":"category","embeddable":true,"href":"https:\/\/www.cordobatimes.com\/showup\/wp-json\/wp\/v2\/categories?post=53266"},{"taxonomy":"post_tag","embeddable":true,"href":"https:\/\/www.cordobatimes.com\/showup\/wp-json\/wp\/v2\/tags?post=53266"}],"curies":[{"name":"wp","href":"https:\/\/api.w.org\/{rel}","templated":true}]}}