{"id":53156,"date":"2017-06-04T21:01:06","date_gmt":"2017-06-05T00:01:06","guid":{"rendered":"http:\/\/www.cordobatimes.com\/showup\/?p=53156"},"modified":"2020-05-21T12:54:12","modified_gmt":"2020-05-21T15:54:12","slug":"mira-el-trailer-de-la-serie-sobre-el-criminal-chapo-guzman","status":"publish","type":"post","link":"https:\/\/www.cordobatimes.com\/showup\/cine-y-series\/2017\/06\/04\/mira-el-trailer-de-la-serie-sobre-el-criminal-chapo-guzman\/","title":{"rendered":"Mir\u00e1 el trailer de la serie sobre el criminal Chapo Guzm\u00e1n"},"content":{"rendered":"<h3><strong>Netflix present\u00f3 la ficci\u00f3n sobre la vida del asesino mexicano.<\/strong><\/h3>\n<p class=\"primero\">Casi como una continuidad del auge de las series sobre narcotraficantes, con las que se hicieron sobre Pablo Escobar, el 16 de junio <em>Netflix<\/em> estrenar\u00e1 <em>El Chapo<\/em>,\u00a0ficci\u00f3n que contar\u00e1 la vida de uno de los criminales m\u00e1s conocidos del mundo.<\/p>\n<p>Joaqu\u00edn \u2018El Chapo\u2019 Guzm\u00e1n se convirti\u00f3 en uno de los hombres m\u00e1s buscados del mundo. La serie, de tres partes, mostrar\u00e1 un lapso de tres d\u00e9cadas (a partir de 1985 cuando era un miembro de bajo nivel del C\u00e1rtel de Guadalajara, su ascenso al poder, y su ca\u00edda final).<\/p>\n<p>El elenco de la primera temporada incluye a Marco de la O como \u2018El Chapo\u2019 Guzm\u00e1n; Humberto Busto como Abogado Conrado Sol, a.k.a. \u201cDon Sol\u201d (figura importante del partido pol\u00edtico); Juan Carlos Olivas como El G\u00fcero (socio principal de Joaqu\u00edn); Alejandro Aguilar como To\u00f1o (principal asesino de Joaqu\u00edn); Tete Espinoza como Ch\u00edo (amante de Joaqu\u00edn); Rodrigo Abed como Amado (capo mexicano); Luis R\u00e1bago como General Blanco (Asesor de Seguridad Nacional); Cristina Michaus como Do\u00f1a Esperanza (madre de Joaqu\u00edn); Valentina Acosta como Alejandra (la primera esposa de Joaqu\u00edn) y Juliette Pardau como Graciela (segunda esposa de Joaqu\u00edn).<\/p>\n<p><em>El Chapo<\/em> fue creada por Silvana Aguirre Zegarra y producida por Daniel Posada. La primera temporada es dirigida por Jos\u00e9 Manuel Cravioto y Ernesto Contreras. La serie marca la primera coproducci\u00f3n entre Univision Story House Entertainment y Netflix.<\/p>\n<p>Mir\u00e1 el\u00a0trailer<\/p>\n<p><iframe loading=\"lazy\" src=\"https:\/\/www.youtube.com\/embed\/TdKNJr7vyUw\" width=\"560\" height=\"315\" frameborder=\"0\" allowfullscreen=\"allowfullscreen\"><\/iframe><\/p>\n","protected":false},"excerpt":{"rendered":"<p>Netflix present\u00f3 la ficci\u00f3n sobre la vida del asesino mexicano. Casi como una continuidad del auge de las series sobre narcotraficantes, con las que se hicieron sobre Pablo Escobar, el 16 de junio Netflix estrenar\u00e1 El Chapo,\u00a0ficci\u00f3n que contar\u00e1 la vida de uno de los criminales m\u00e1s conocidos del mundo. Joaqu\u00edn \u2018El Chapo\u2019 Guzm\u00e1n se [&hellip;]<\/p>\n","protected":false},"author":1,"featured_media":53157,"comment_status":"closed","ping_status":"closed","sticky":false,"template":"","format":"standard","meta":{"_seopress_robots_primary_cat":"","_seopress_titles_title":"","_seopress_titles_desc":"","_seopress_robots_index":"","footnotes":""},"categories":[3],"tags":[31611],"class_list":{"0":"post-53156","1":"post","2":"type-post","3":"status-publish","4":"format-standard","5":"has-post-thumbnail","7":"category-cine-y-series","8":"tag-trailer-de-la-serie-sobre-el-criminal-chapo-guzman"},"_links":{"self":[{"href":"https:\/\/www.cordobatimes.com\/showup\/wp-json\/wp\/v2\/posts\/53156","targetHints":{"allow":["GET"]}}],"collection":[{"href":"https:\/\/www.cordobatimes.com\/showup\/wp-json\/wp\/v2\/posts"}],"about":[{"href":"https:\/\/www.cordobatimes.com\/showup\/wp-json\/wp\/v2\/types\/post"}],"author":[{"embeddable":true,"href":"https:\/\/www.cordobatimes.com\/showup\/wp-json\/wp\/v2\/users\/1"}],"replies":[{"embeddable":true,"href":"https:\/\/www.cordobatimes.com\/showup\/wp-json\/wp\/v2\/comments?post=53156"}],"version-history":[{"count":0,"href":"https:\/\/www.cordobatimes.com\/showup\/wp-json\/wp\/v2\/posts\/53156\/revisions"}],"wp:featuredmedia":[{"embeddable":true,"href":"https:\/\/www.cordobatimes.com\/showup\/wp-json\/wp\/v2\/media\/53157"}],"wp:attachment":[{"href":"https:\/\/www.cordobatimes.com\/showup\/wp-json\/wp\/v2\/media?parent=53156"}],"wp:term":[{"taxonomy":"category","embeddable":true,"href":"https:\/\/www.cordobatimes.com\/showup\/wp-json\/wp\/v2\/categories?post=53156"},{"taxonomy":"post_tag","embeddable":true,"href":"https:\/\/www.cordobatimes.com\/showup\/wp-json\/wp\/v2\/tags?post=53156"}],"curies":[{"name":"wp","href":"https:\/\/api.w.org\/{rel}","templated":true}]}}