{"id":52763,"date":"2017-05-22T19:38:02","date_gmt":"2017-05-22T22:38:02","guid":{"rendered":"http:\/\/www.cordobatimes.com\/showup\/?p=52763"},"modified":"2020-05-15T11:48:52","modified_gmt":"2020-05-15T14:48:52","slug":"los-caballeros-del-zodiaco-ahora-seran-de-carne-y-hueso-a-30-anos-de-su-emision","status":"publish","type":"post","link":"https:\/\/www.cordobatimes.com\/showup\/cine-y-series\/2017\/05\/22\/los-caballeros-del-zodiaco-ahora-seran-de-carne-y-hueso-a-30-anos-de-su-emision\/","title":{"rendered":"Los Caballeros del Zod\u00edaco ahora ser\u00e1n \u00abde carne y hueso\u00bb a 30 a\u00f1os de su emisi\u00f3n"},"content":{"rendered":"<h3><strong>El \u00a0anim\u00e9 nacido en los 80 ser\u00e1 adaptado al live-action para Hollywood.<\/strong><\/h3>\n<p>En este boom de pel\u00edculas que est\u00e1n llevando los dibujos animados al formato <i>live-action<\/i> -ya se estren\u00f3 <i>La Bella y la Bestia<\/i>, y se est\u00e1n preparando las adaptaciones de <i>El rey Le\u00f3n<\/i> y Aladdin, entre otros \u00e9xitos de Disney-, llega el turno de la versi\u00f3n de \u00abcarne y hueso\u00bb de <i>Los Caballeros del Zod\u00edaco<\/i>. A 30 a\u00f1os del lanzamiento de este famos\u00edsimo anim\u00e9 cuyo t\u00edtulo original es <i>Saint Seiya<\/i>, Hollywood decidi\u00f3 tomar el toro por las astas y reversionar este fen\u00f3meno de los 80 y 90. Seg\u00fan informa el sitio japon\u00e9s <i>Eiga<\/i>, la historia creada por Masami Kurumada tendr\u00e1 llegar\u00e1 a la Meca del cine pero no por eso ser\u00e1 despojada de sus or\u00edgenes orientales: ser\u00e1 producida por Toei Animation y A Really Good Film Company (China). El director ser\u00e1 el polaco Tomasz Baginski (realizador del corto <i>Katedra<\/i>), mientras que Kozo Morishita y Yoshiyuki Ikezewa de Toei ser\u00e1n productores ejecutivos.<\/p>\n<p>Kurumada estar\u00e1 absolutamente involucrado en la realizaci\u00f3n. \u00abEste proyecto est\u00e1 dedicado a esa fiel base de fans que han apoyado a Seiya durante estos 30 a\u00f1os, pero tambi\u00e9n a la nueva generaci\u00f3n de seguidores\u00bb, dijo al develarse la noticia.<\/p>\n<aside class=\"banner caja3\" data-adpos=\"caja3\">\n<div id=\"eplAdDivcaja3\"><\/div>\n<\/aside>\n<p><i>Los Caballeros del Zodiaco <\/i>naci\u00f3 como una publicaci\u00f3n de manga y debut\u00f3 en la televisi\u00f3n en 1986, vendi\u00f3 m\u00e1s de 35 millones de copias, se realizaron m\u00e1s de 250 episodios y tres pel\u00edculas. Cuenta la historia de Seiya, un joven que es entrenado para sumarse al grupo de caballeros que defienden a la diosa Athena en la lucha contra el mal.<\/p>\n","protected":false},"excerpt":{"rendered":"<p>El \u00a0anim\u00e9 nacido en los 80 ser\u00e1 adaptado al live-action para Hollywood. En este boom de pel\u00edculas que est\u00e1n llevando los dibujos animados al formato live-action -ya se estren\u00f3 La Bella y la Bestia, y se est\u00e1n preparando las adaptaciones de El rey Le\u00f3n y Aladdin, entre otros \u00e9xitos de Disney-, llega el turno de [&hellip;]<\/p>\n","protected":false},"author":1,"featured_media":52764,"comment_status":"closed","ping_status":"closed","sticky":false,"template":"","format":"standard","meta":{"_seopress_robots_primary_cat":"","_seopress_titles_title":"","_seopress_titles_desc":"","_seopress_robots_index":"","footnotes":""},"categories":[3],"tags":[31497,17874],"class_list":{"0":"post-52763","1":"post","2":"type-post","3":"status-publish","4":"format-standard","5":"has-post-thumbnail","7":"category-cine-y-series","8":"tag-aballeros-del-zodiaco-ahora-seran-de-carne-y-hueso","9":"tag-los-caballeros-del-zodiaco"},"_links":{"self":[{"href":"https:\/\/www.cordobatimes.com\/showup\/wp-json\/wp\/v2\/posts\/52763","targetHints":{"allow":["GET"]}}],"collection":[{"href":"https:\/\/www.cordobatimes.com\/showup\/wp-json\/wp\/v2\/posts"}],"about":[{"href":"https:\/\/www.cordobatimes.com\/showup\/wp-json\/wp\/v2\/types\/post"}],"author":[{"embeddable":true,"href":"https:\/\/www.cordobatimes.com\/showup\/wp-json\/wp\/v2\/users\/1"}],"replies":[{"embeddable":true,"href":"https:\/\/www.cordobatimes.com\/showup\/wp-json\/wp\/v2\/comments?post=52763"}],"version-history":[{"count":0,"href":"https:\/\/www.cordobatimes.com\/showup\/wp-json\/wp\/v2\/posts\/52763\/revisions"}],"wp:featuredmedia":[{"embeddable":true,"href":"https:\/\/www.cordobatimes.com\/showup\/wp-json\/wp\/v2\/media\/52764"}],"wp:attachment":[{"href":"https:\/\/www.cordobatimes.com\/showup\/wp-json\/wp\/v2\/media?parent=52763"}],"wp:term":[{"taxonomy":"category","embeddable":true,"href":"https:\/\/www.cordobatimes.com\/showup\/wp-json\/wp\/v2\/categories?post=52763"},{"taxonomy":"post_tag","embeddable":true,"href":"https:\/\/www.cordobatimes.com\/showup\/wp-json\/wp\/v2\/tags?post=52763"}],"curies":[{"name":"wp","href":"https:\/\/api.w.org\/{rel}","templated":true}]}}