{"id":52681,"date":"2017-05-19T11:59:41","date_gmt":"2017-05-19T14:59:41","guid":{"rendered":"http:\/\/www.cordobatimes.com\/showup\/?p=52681"},"modified":"2020-05-16T16:26:35","modified_gmt":"2020-05-16T19:26:35","slug":"lali-esposito-cantara-en-los-mtv-miaw-2017","status":"publish","type":"post","link":"https:\/\/www.cordobatimes.com\/showup\/musica\/2017\/05\/19\/lali-esposito-cantara-en-los-mtv-miaw-2017\/","title":{"rendered":"Lali Esp\u00f3sito cantar\u00e1 en los MTV MIAW 2017"},"content":{"rendered":"<h3><strong>La artista se subir\u00e1 por primera vez en el escenario de los MTV MIAW para interpretar \u201cBoomerang\u201d, \u201cEgo\u201d y \u201cSoy\u201d.<\/strong><\/h3>\n<p class=\"primero\">Lali Esp\u00f3sito se subir\u00e1 por primera vez en el escenario de los MTV MIAW para interpretar \u201cBoomerang\u201d, \u201cEgo\u201dy \u201cSoy\u201d, entre otros. Maluma, uno de los artistas m\u00e1s nominados de este a\u00f1o, regresar\u00e1 despu\u00e9s de su conducci\u00f3n del a\u00f1o anterior para hacer bailar con sus hits.<\/p>\n<p>Lali cuenta con cuatro nominaciones a los Premios MTV MIAW, incluyendo \u201cExplosi\u00f3n pop del a\u00f1o\u201d y \u201cVideo del A\u00f1o\u201d por su exitoso sencillo \u201cEgo\u201d. Con una carrera artista envidiable en la industria del entretenimiento, Esp\u00f3sito es una referente de m\u00fasica pop y ya ha conseguido disco de oro y platino y premios MTV MIAW, Kids\u2019 Choice Awards Argentina, MTV EMA y un Gardel. El a\u00f1o pasado, fue invitada especial de Ricky Martin para sus conciertos sold out en M\u00e9xico y de Fifth Harmony en Chile.<\/p>\n<p><iframe loading=\"lazy\" src=\"https:\/\/www.youtube.com\/embed\/8dx20UIuKUA\" width=\"560\" height=\"315\" frameborder=\"0\" allowfullscreen=\"allowfullscreen\"><\/iframe><\/p>\n<p>La votaci\u00f3n global ya supera los 200 millones de votos y sigue abierta en el sitio <strong><a href=\"http:\/\/miaw.mtvla.com\/\" target=\"_blank\" rel=\"noopener noreferrer\">miaw.mtvla.com<\/a><\/strong>, adem\u00e1s de Twitter y Facebook. El show contar\u00e1 con m\u00e1s actuaciones musicales en vivo, la presencia de las estrellas digitales m\u00e1s \u2018likeadas\u2019 del momento y m\u00e1s personalidades y celebridades que ser\u00e1n anunciadas pr\u00f3ximamente.<\/p>\n<p>La ceremonia, que ser\u00e1 conducida por Juanpa Zurita y Lele Pons, ser\u00e1 transmitida el domingo 4 de junio a las 22 por MTV y MTV Play.<\/p>\n","protected":false},"excerpt":{"rendered":"<p>La artista se subir\u00e1 por primera vez en el escenario de los MTV MIAW para interpretar \u201cBoomerang\u201d, \u201cEgo\u201d y \u201cSoy\u201d. Lali Esp\u00f3sito se subir\u00e1 por primera vez en el escenario de los MTV MIAW para interpretar \u201cBoomerang\u201d, \u201cEgo\u201dy \u201cSoy\u201d, entre otros. Maluma, uno de los artistas m\u00e1s nominados de este a\u00f1o, regresar\u00e1 despu\u00e9s de su [&hellip;]<\/p>\n","protected":false},"author":1,"featured_media":52682,"comment_status":"closed","ping_status":"closed","sticky":false,"template":"","format":"standard","meta":{"_seopress_robots_primary_cat":"","_seopress_titles_title":"","_seopress_titles_desc":"","_seopress_robots_index":"","footnotes":""},"categories":[5],"tags":[31515],"class_list":{"0":"post-52681","1":"post","2":"type-post","3":"status-publish","4":"format-standard","5":"has-post-thumbnail","7":"category-musica","8":"tag-lali-esposito-en-los-mtv-miaw-2017"},"_links":{"self":[{"href":"https:\/\/www.cordobatimes.com\/showup\/wp-json\/wp\/v2\/posts\/52681","targetHints":{"allow":["GET"]}}],"collection":[{"href":"https:\/\/www.cordobatimes.com\/showup\/wp-json\/wp\/v2\/posts"}],"about":[{"href":"https:\/\/www.cordobatimes.com\/showup\/wp-json\/wp\/v2\/types\/post"}],"author":[{"embeddable":true,"href":"https:\/\/www.cordobatimes.com\/showup\/wp-json\/wp\/v2\/users\/1"}],"replies":[{"embeddable":true,"href":"https:\/\/www.cordobatimes.com\/showup\/wp-json\/wp\/v2\/comments?post=52681"}],"version-history":[{"count":0,"href":"https:\/\/www.cordobatimes.com\/showup\/wp-json\/wp\/v2\/posts\/52681\/revisions"}],"wp:featuredmedia":[{"embeddable":true,"href":"https:\/\/www.cordobatimes.com\/showup\/wp-json\/wp\/v2\/media\/52682"}],"wp:attachment":[{"href":"https:\/\/www.cordobatimes.com\/showup\/wp-json\/wp\/v2\/media?parent=52681"}],"wp:term":[{"taxonomy":"category","embeddable":true,"href":"https:\/\/www.cordobatimes.com\/showup\/wp-json\/wp\/v2\/categories?post=52681"},{"taxonomy":"post_tag","embeddable":true,"href":"https:\/\/www.cordobatimes.com\/showup\/wp-json\/wp\/v2\/tags?post=52681"}],"curies":[{"name":"wp","href":"https:\/\/api.w.org\/{rel}","templated":true}]}}