{"id":52608,"date":"2017-05-17T18:09:50","date_gmt":"2017-05-17T21:09:50","guid":{"rendered":"http:\/\/www.cordobatimes.com\/showup\/?p=52608"},"modified":"2020-05-16T17:07:51","modified_gmt":"2020-05-16T20:07:51","slug":"ricardo-darin-hara-una-pelicula-junto-a-penelope-cruz-y-javier-bardem","status":"publish","type":"post","link":"https:\/\/www.cordobatimes.com\/showup\/cine-y-series\/2017\/05\/17\/ricardo-darin-hara-una-pelicula-junto-a-penelope-cruz-y-javier-bardem\/","title":{"rendered":"Ricardo Dar\u00edn har\u00e1 una pel\u00edcula  junto a  Pen\u00e9lope Cruz y Javier Bardem"},"content":{"rendered":"<h3><strong>El actor \u00a0se suma al elenco del pr\u00f3ximo filme del director iran\u00ed Asghar Farhadi, en una superproducci\u00f3n que tendr\u00e1 un presupuesto de 12 millones de d\u00f3lares.<\/strong><\/h3>\n<p class=\"primero\">Pen\u00e9lope Cruz y Javier Bardem ya estaban confirmados\u00a0para el pr\u00f3ximo filme del director iran\u00ed Asghar Farhadi, ganador de dos premios Oscar, y hombre mimado de la cr\u00edtica cinematogr\u00e1fica. Y ahora, el proyecto acaba de sumar a Ricardo Dar\u00edn al elenco.<\/p>\n<div id=\"hybs-slot-8733d238\" class=\"hybs-slot\">\u00a0El argentino y\u00a0Pen\u00e9lope interpretar\u00e1n a un matrimonio que sufre el secuestro de su hijo, lo que lleva a la revelaci\u00f3n de diversos y oscuros secretos familiares. Este filme, ser\u00e1 el primer que el director har\u00e1 \u00edntegramente en castellano.<\/div>\n<p>La superproducci\u00f3n, que ser\u00e1 un thriller y tendr\u00e1 un presupuesto de alrededor de 12 millones de d\u00f3lares, comenzar\u00e1 a rodarse en Madrid a finales de agosto. Vale recordar que en 2016, Cruz trabaj\u00f3 con otro integrante del clan Dar\u00edn: El Chino, con quien film\u00f3\u00a0<em>La Reina de Espa\u00f1a<\/em>. Adem\u00e1s, juntos fueron parte de un desopilante momento televisivo cuando la espa\u00f1ola lo maquill\u00f3 como mujer\u00a0al actor.<\/p>\n<p>&nbsp;<\/p>\n<div class=\"limpiar\"><\/div>\n<div id=\"eplAdDivshopping\"><\/div>\n<div id=\"eplAdDivinline\"><iframe loading=\"lazy\" id=\"ifrfef8513f854ff60f_c5554e4ecfb22c38\" src=\"about:blank\" name=\"ifrfef8513f854ff60f_c5554e4ecfb22c38\" width=\"1px\" height=\"1px\" frameborder=\"0\" scrolling=\"no\" data-mce-fragment=\"1\"><\/iframe><\/div>\n","protected":false},"excerpt":{"rendered":"<p>El actor \u00a0se suma al elenco del pr\u00f3ximo filme del director iran\u00ed Asghar Farhadi, en una superproducci\u00f3n que tendr\u00e1 un presupuesto de 12 millones de d\u00f3lares. Pen\u00e9lope Cruz y Javier Bardem ya estaban confirmados\u00a0para el pr\u00f3ximo filme del director iran\u00ed Asghar Farhadi, ganador de dos premios Oscar, y hombre mimado de la cr\u00edtica cinematogr\u00e1fica. Y [&hellip;]<\/p>\n","protected":false},"author":1,"featured_media":52611,"comment_status":"closed","ping_status":"closed","sticky":false,"template":"","format":"standard","meta":{"_seopress_robots_primary_cat":"","_seopress_titles_title":"","_seopress_titles_desc":"","_seopress_robots_index":"","footnotes":""},"categories":[3],"tags":[17850,31520],"class_list":{"0":"post-52608","1":"post","2":"type-post","3":"status-publish","4":"format-standard","5":"has-post-thumbnail","7":"category-cine-y-series","8":"tag-penelope-cruz-y-javier-bardem","9":"tag-ricardo-darin-penelope-cruz-y-javier-bardem"},"_links":{"self":[{"href":"https:\/\/www.cordobatimes.com\/showup\/wp-json\/wp\/v2\/posts\/52608","targetHints":{"allow":["GET"]}}],"collection":[{"href":"https:\/\/www.cordobatimes.com\/showup\/wp-json\/wp\/v2\/posts"}],"about":[{"href":"https:\/\/www.cordobatimes.com\/showup\/wp-json\/wp\/v2\/types\/post"}],"author":[{"embeddable":true,"href":"https:\/\/www.cordobatimes.com\/showup\/wp-json\/wp\/v2\/users\/1"}],"replies":[{"embeddable":true,"href":"https:\/\/www.cordobatimes.com\/showup\/wp-json\/wp\/v2\/comments?post=52608"}],"version-history":[{"count":0,"href":"https:\/\/www.cordobatimes.com\/showup\/wp-json\/wp\/v2\/posts\/52608\/revisions"}],"wp:featuredmedia":[{"embeddable":true,"href":"https:\/\/www.cordobatimes.com\/showup\/wp-json\/wp\/v2\/media\/52611"}],"wp:attachment":[{"href":"https:\/\/www.cordobatimes.com\/showup\/wp-json\/wp\/v2\/media?parent=52608"}],"wp:term":[{"taxonomy":"category","embeddable":true,"href":"https:\/\/www.cordobatimes.com\/showup\/wp-json\/wp\/v2\/categories?post=52608"},{"taxonomy":"post_tag","embeddable":true,"href":"https:\/\/www.cordobatimes.com\/showup\/wp-json\/wp\/v2\/tags?post=52608"}],"curies":[{"name":"wp","href":"https:\/\/api.w.org\/{rel}","templated":true}]}}