{"id":52595,"date":"2017-05-17T13:26:00","date_gmt":"2017-05-17T16:26:00","guid":{"rendered":"http:\/\/www.cordobatimes.com\/showup\/?p=52595"},"modified":"2020-05-16T17:16:34","modified_gmt":"2020-05-16T20:16:34","slug":"conoce-a-diego-boneta-el-actor-que-protagonizara-la-serie-de-netflix-sobre-luis-miguel","status":"publish","type":"post","link":"https:\/\/www.cordobatimes.com\/showup\/cine-y-series\/2017\/05\/17\/conoce-a-diego-boneta-el-actor-que-protagonizara-la-serie-de-netflix-sobre-luis-miguel\/","title":{"rendered":"Conoc\u00e9 a Diego Boneta el actor que protagonizar\u00e1 la serie de Netflix sobre Luis Miguel"},"content":{"rendered":"<h3><strong>El actor mexicano estar\u00e1 en la ficci\u00f3n que contar\u00e1 la vida del artista desde su infancia hasta que se convirti\u00f3 en un icono de la m\u00fasica.<\/strong><\/h3>\n<p class=\"primero\">El actor mexicano Diego Boneta ser\u00e1 el encargado de ponerse en la piel de Luis Miguel en la serie sobre la vida del cantante que prepara Netflix, inform\u00f3 Variety.<\/p>\n<p>La trayectoria de Boneta incluye cr\u00e9ditos en las series \u201cRebelde\u201d, \u201c90210\u201d y \u201cScream Queens\u201d, as\u00ed como papeles en las pel\u00edculas \u201cRock of Ages\u201d (2012) y \u201cPel\u00e9: Birth of a Legend\u201d (2016).<\/p>\n<p>Carla Vargas, supervisora de producci\u00f3n del proyecto, tambi\u00e9n confirm\u00f3 que Boneta ser\u00e1 uno de los int\u00e9rpretes de \u2018El Sol de M\u00e9xico\u2019.<\/p>\n<p>La plataforma de streaming tambi\u00e9n confirm\u00f3 en su cuenta de Twitter que el actor estar\u00e1 en la serie, que se estrenar\u00e1 en 2018.<\/p>\n<p>Hasta el momento es el \u00fanico integrante del elenco confirmado, luego que que ayer se filtrara la informaci\u00f3n de que el tambi\u00e9n cantante era un fuerte candidato para protagonizar el show.<\/p>\n<blockquote class=\"instagram-media\" style=\"background: #FFF; border: 0; border-radius: 3px; box-shadow: 0 0 1px 0 rgba(0,0,0,0.5),0 1px 10px 0 rgba(0,0,0,0.15); margin: 1px; max-width: 658px; padding: 0; width: calc(100% - 2px);\" data-instgrm-captioned=\"\" data-instgrm-version=\"7\">\n<div style=\"padding: 8px;\">\n<div style=\"background: #F8F8F8; line-height: 0; margin-top: 40px; padding: 60.3515625% 0; text-align: center; width: 100%;\"><\/div>\n<p style=\"margin: 8px 0 0 0; padding: 0 4px;\"><a style=\"color: #000; font-family: Arial,sans-serif; font-size: 14px; font-style: normal; font-weight: normal; line-height: 17px; text-decoration: none; word-wrap: break-word;\" href=\"https:\/\/www.instagram.com\/p\/BUK9zWCB818\/\" target=\"_blank\" rel=\"noopener noreferrer\">Listo para contar la historia oficial de Luis Miguel. Prep\u00e1rense&#8230;<\/a><\/p>\n<p style=\"color: #c9c8cd; font-family: Arial,sans-serif; font-size: 14px; line-height: 17px; margin-bottom: 0; margin-top: 8px; overflow: hidden; padding: 8px 0 7px; text-align: center; text-overflow: ellipsis; white-space: nowrap;\">Una publicaci\u00f3n compartida de Diego Boneta (@diegoboneta) el <time style=\"font-family: Arial,sans-serif; font-size: 14px; line-height: 17px;\" datetime=\"2017-05-16T23:16:34+00:00\">16 de May de 2017 a la(s) 4:16 PDT<\/time><\/p>\n<\/div>\n<\/blockquote>\n<p><script async defer src=\"\/\/platform.instagram.com\/en_US\/embeds.js\"><\/script><\/p>\n<p>La producci\u00f3n estar\u00e1 a cargo de Mark Burnett y Gato Grande Productions, una asociaci\u00f3n entre MGM y los empresarios mexicanos Miguel Alem\u00e1n Magnani, Antonio Cu\u00e9 y Jos\u00e9 Luis Ram\u00edrez Magnani.<\/p>\n<p>Hace unos d\u00edas se lanz\u00f3 el primer teaser en el que aparece Luis Miguel, el cual fue grabado en una casa que fue propiedad de Frank Sinatra, en Los \u00c1ngeles.<\/p>\n<p><iframe loading=\"lazy\" src=\"https:\/\/www.youtube.com\/embed\/LubOdyOz5pk\" width=\"560\" height=\"315\" frameborder=\"0\" allowfullscreen=\"allowfullscreen\"><\/iframe><\/p>\n<p>El mexicano liderar\u00e1 as\u00ed esta producci\u00f3n que por el momento no tiene t\u00edtulo y en la que Luis Miguel ha decidido contar el \u201cviaje emocional que ha formado a la persona y al artista\u201d, tal y como reconoci\u00f3 el cantante en un comunicado cuando se anunci\u00f3 este show.<\/p>\n<p>Esta serie, que estrenar\u00e1 Netflix en 2018 y que en Estados Unidos tambi\u00e9n emitir\u00e1 Telemundo, narrar\u00e1 la vida de Luis Miguel desde su infancia hasta que se convirti\u00f3 en un icono de la m\u00fasica.<\/p>\n<p>\u201cDurante d\u00e9cadas muchas personas han hablado de mi vida y muchas m\u00e1s han creado sus propias versiones. Ahora he decidido contar yo mi propia historia\u201d, indic\u00f3 entonces el cantante.<\/p>\n<p>Luis Miguel asegur\u00f3 adem\u00e1s que est\u00e1 \u201cpreparado para recorrer todos los aspectos\u201d de su pasado que \u201chan generado tantas preguntas y especulaciones. Los fans se van a sorprender y podr\u00e1n acompa\u00f1arme en este viaje emocional que ha formado a la persona y al artista que soy\u201d, dijo.<\/p>\n","protected":false},"excerpt":{"rendered":"<p>El actor mexicano estar\u00e1 en la ficci\u00f3n que contar\u00e1 la vida del artista desde su infancia hasta que se convirti\u00f3 en un icono de la m\u00fasica. El actor mexicano Diego Boneta ser\u00e1 el encargado de ponerse en la piel de Luis Miguel en la serie sobre la vida del cantante que prepara Netflix, inform\u00f3 Variety. [&hellip;]<\/p>\n","protected":false},"author":1,"featured_media":52596,"comment_status":"closed","ping_status":"closed","sticky":false,"template":"","format":"standard","meta":{"_seopress_robots_primary_cat":"","_seopress_titles_title":"","_seopress_titles_desc":"","_seopress_robots_index":"","footnotes":""},"categories":[3],"tags":[31522,31521,17847],"class_list":{"0":"post-52595","1":"post","2":"type-post","3":"status-publish","4":"format-standard","5":"has-post-thumbnail","7":"category-cine-y-series","8":"tag-diego-boneta-serie-de-luis-miguel","9":"tag-diego-boneta-y-luis-miguel","10":"tag-serie-de-luis-miguel"},"_links":{"self":[{"href":"https:\/\/www.cordobatimes.com\/showup\/wp-json\/wp\/v2\/posts\/52595","targetHints":{"allow":["GET"]}}],"collection":[{"href":"https:\/\/www.cordobatimes.com\/showup\/wp-json\/wp\/v2\/posts"}],"about":[{"href":"https:\/\/www.cordobatimes.com\/showup\/wp-json\/wp\/v2\/types\/post"}],"author":[{"embeddable":true,"href":"https:\/\/www.cordobatimes.com\/showup\/wp-json\/wp\/v2\/users\/1"}],"replies":[{"embeddable":true,"href":"https:\/\/www.cordobatimes.com\/showup\/wp-json\/wp\/v2\/comments?post=52595"}],"version-history":[{"count":0,"href":"https:\/\/www.cordobatimes.com\/showup\/wp-json\/wp\/v2\/posts\/52595\/revisions"}],"wp:featuredmedia":[{"embeddable":true,"href":"https:\/\/www.cordobatimes.com\/showup\/wp-json\/wp\/v2\/media\/52596"}],"wp:attachment":[{"href":"https:\/\/www.cordobatimes.com\/showup\/wp-json\/wp\/v2\/media?parent=52595"}],"wp:term":[{"taxonomy":"category","embeddable":true,"href":"https:\/\/www.cordobatimes.com\/showup\/wp-json\/wp\/v2\/categories?post=52595"},{"taxonomy":"post_tag","embeddable":true,"href":"https:\/\/www.cordobatimes.com\/showup\/wp-json\/wp\/v2\/tags?post=52595"}],"curies":[{"name":"wp","href":"https:\/\/api.w.org\/{rel}","templated":true}]}}