{"id":52458,"date":"2017-05-12T11:51:43","date_gmt":"2017-05-12T14:51:43","guid":{"rendered":"http:\/\/www.cordobatimes.com\/showup\/?p=52458"},"modified":"2020-05-16T20:40:33","modified_gmt":"2020-05-16T23:40:33","slug":"las-curiosidades-de-la-muerte-de-bob-marley","status":"publish","type":"post","link":"https:\/\/www.cordobatimes.com\/showup\/curiosidades\/2017\/05\/12\/las-curiosidades-de-la-muerte-de-bob-marley\/","title":{"rendered":"Las curiosidades de la muerte de Bob Marley"},"content":{"rendered":"<h3><strong>Marley muri\u00f3 el 11 de mayo de 1981, a 36 a\u00f1os del deceso de la leyenda del reggae, te contamos algunos datos que no sab\u00edas.<\/strong><\/h3>\n<p>El 11 de mayo se cumplieron 36 a\u00f1os de la muerte de Bob Marley, un emblema de la m\u00fasica a pesar de haber fallecido muy joven. En esta nota, les contamos cinco curiosidades sobre el deceso del legendario cantante de reggae nacido en Jamaica, y que se convirti\u00f3 en un mito.<\/p>\n<p>1) En un partido de f\u00fatbol con amigos, en 1978, fue pisado por un periodista. Se le cay\u00f3 la u\u00f1a y le provoc\u00f3 un dolor fuera de lo normal. Luego de varios estudios se descubri\u00f3 que ten\u00eda c\u00e1ncer.<\/p>\n<p>2) En el \u00b480, de visita en Nueva York, toc\u00f3 en el Madison Square Garden y sali\u00f3 a correr por el Central Park, donde cay\u00f3 desmayado. La enfermedad hab\u00eda tomado varios \u00f3rganos vitales de su cuerpo.<\/p>\n<p>3) De ah\u00ed en m\u00e1s, hubo un derrotero por cl\u00ednicas y hospitales que incluy\u00f3 al doctor (y antiguo comandante de las SS, Josef Issels), un supuesto talento oculto para vencer al c\u00e1ncer en Baviera (Alemania). El partenaire de Josef Mengele en Auschwitz experiment\u00f3 hasta el cansancio con el cantante.<\/p>\n<p>4) Fue sepultado con su guitarra Les Pauls, una pelota de f\u00fatbol, un anillo y una Biblia.<\/p>\n<p>5) No hizo testamento porque dentro de la filosof\u00eca rastafari, el hecho de firmarlo es una sentencia de muerte. Su esposa reclam\u00f3 la herencia junto a otras ocho mujeres m\u00e1s. El asunto tard\u00f3 a\u00f1os en resolverse.<\/p>\n","protected":false},"excerpt":{"rendered":"<p>Marley muri\u00f3 el 11 de mayo de 1981, a 36 a\u00f1os del deceso de la leyenda del reggae, te contamos algunos datos que no sab\u00edas. El 11 de mayo se cumplieron 36 a\u00f1os de la muerte de Bob Marley, un emblema de la m\u00fasica a pesar de haber fallecido muy joven. En esta nota, les [&hellip;]<\/p>\n","protected":false},"author":1,"featured_media":52459,"comment_status":"closed","ping_status":"closed","sticky":false,"template":"","format":"standard","meta":{"_seopress_robots_primary_cat":"","_seopress_titles_title":"","_seopress_titles_desc":"","_seopress_robots_index":"","footnotes":""},"categories":[8],"tags":[31526,31527],"class_list":{"0":"post-52458","1":"post","2":"type-post","3":"status-publish","4":"format-standard","5":"has-post-thumbnail","7":"category-curiosidades","8":"tag-curiosidades-de-la-muerte-de-bob-marley","9":"tag-muerte-de-bob-marley"},"_links":{"self":[{"href":"https:\/\/www.cordobatimes.com\/showup\/wp-json\/wp\/v2\/posts\/52458","targetHints":{"allow":["GET"]}}],"collection":[{"href":"https:\/\/www.cordobatimes.com\/showup\/wp-json\/wp\/v2\/posts"}],"about":[{"href":"https:\/\/www.cordobatimes.com\/showup\/wp-json\/wp\/v2\/types\/post"}],"author":[{"embeddable":true,"href":"https:\/\/www.cordobatimes.com\/showup\/wp-json\/wp\/v2\/users\/1"}],"replies":[{"embeddable":true,"href":"https:\/\/www.cordobatimes.com\/showup\/wp-json\/wp\/v2\/comments?post=52458"}],"version-history":[{"count":0,"href":"https:\/\/www.cordobatimes.com\/showup\/wp-json\/wp\/v2\/posts\/52458\/revisions"}],"wp:featuredmedia":[{"embeddable":true,"href":"https:\/\/www.cordobatimes.com\/showup\/wp-json\/wp\/v2\/media\/52459"}],"wp:attachment":[{"href":"https:\/\/www.cordobatimes.com\/showup\/wp-json\/wp\/v2\/media?parent=52458"}],"wp:term":[{"taxonomy":"category","embeddable":true,"href":"https:\/\/www.cordobatimes.com\/showup\/wp-json\/wp\/v2\/categories?post=52458"},{"taxonomy":"post_tag","embeddable":true,"href":"https:\/\/www.cordobatimes.com\/showup\/wp-json\/wp\/v2\/tags?post=52458"}],"curies":[{"name":"wp","href":"https:\/\/api.w.org\/{rel}","templated":true}]}}