{"id":52325,"date":"2017-05-08T12:20:15","date_gmt":"2017-05-08T15:20:15","guid":{"rendered":"http:\/\/www.cordobatimes.com\/showup\/?p=52325"},"modified":"2020-05-16T21:44:45","modified_gmt":"2020-05-17T00:44:45","slug":"salio-el-nuevo-trailer-de-wonder-woman","status":"publish","type":"post","link":"https:\/\/www.cordobatimes.com\/showup\/cine-y-series\/2017\/05\/08\/salio-el-nuevo-trailer-de-wonder-woman\/","title":{"rendered":"Sali\u00f3 el nuevo trailer de \u201cWonder Woman\u201d"},"content":{"rendered":"<h3><strong>Gal Gadot, quien interpreta a la princesa Diana, present\u00f3 el trailer oficial tras su aparici\u00f3n en los MTV Movie Awards.<\/strong><\/h3>\n<p class=\"primero\">Warner present\u00f3 el\u00a0\u00faltimo trailer de Wonder Woman, pel\u00edcula protagonizada por Gal Gadot\u00a0que ver\u00e1 la luz en junio de 2017.<\/p>\n<p>La protagonista de la cinta del universo DC comparti\u00f3 un nuevo trailer en sus redes sociales, mostrando a la princesa amazona en acci\u00f3n.<\/p>\n<p>La presentaci\u00f3n se dio tras la aparici\u00f3n de Gadot (Diana) en la noche de los\u00a0<em>MTV Movie Awards<\/em>.<\/p>\n<p>\u201cWonder Woman\u201d se estrenar\u00e1 en junio de 2017.<\/p>\n<blockquote class=\"twitter-video\" data-lang=\"es\">\n<p dir=\"ltr\" lang=\"en\">It&#8217;s the moment you&#8217;ve all been waiting for! The exclusive debut of our final trailer: <a href=\"https:\/\/twitter.com\/hashtag\/WonderWoman?src=hash\">#WonderWoman<\/a> &#8211; Rise of the Warrior!\u00a0?\u00a0\u2694\u00a0<a href=\"https:\/\/twitter.com\/hashtag\/MTVAwards?src=hash\">#MTVAwards<\/a> <a href=\"https:\/\/t.co\/bTwBBFYbx3\">pic.twitter.com\/bTwBBFYbx3<\/a><\/p>\n<p>\u2014 Gal Gadot (@GalGadot) <a href=\"https:\/\/twitter.com\/GalGadot\/status\/861391254550007809\">8 de mayo de 2017<\/a><\/p><\/blockquote>\n<p>&nbsp;<\/p>\n<p>La cinta, dirigida por Patty Jenkins, con gui\u00f3n de Geoff Johns y Allan Heinberg, protagonizada por la bella Gal Gadot (Diana) con Chris Pine (Steve Trevor), Connie Nielsen (la reina Hippolyta), Robin Wright (la General Antiope) y Lisa Loven Kongsli (la teniente Menalippe), contar\u00e1 los or\u00edgenes de la m\u00edtica amazona hasta la actualidad.<\/p>\n<p>La pel\u00edcula cuenta, adem\u00e1s, con Elena Anaya y Sa\u00efd Taghmaoui.<\/p>\n<p>Mir\u00e1 el trailer oficial de \u201cWonder Woman\u201d.<\/p>\n<p><iframe loading=\"lazy\" src=\"https:\/\/www.youtube.com\/embed\/VSB4wGIdDwo\" width=\"560\" height=\"315\" frameborder=\"0\" allowfullscreen=\"allowfullscreen\"><\/iframe><\/p>\n","protected":false},"excerpt":{"rendered":"<p>Gal Gadot, quien interpreta a la princesa Diana, present\u00f3 el trailer oficial tras su aparici\u00f3n en los MTV Movie Awards. Warner present\u00f3 el\u00a0\u00faltimo trailer de Wonder Woman, pel\u00edcula protagonizada por Gal Gadot\u00a0que ver\u00e1 la luz en junio de 2017. La protagonista de la cinta del universo DC comparti\u00f3 un nuevo trailer en sus redes sociales, [&hellip;]<\/p>\n","protected":false},"author":1,"featured_media":52326,"comment_status":"closed","ping_status":"closed","sticky":false,"template":"","format":"standard","meta":{"_seopress_robots_primary_cat":"","_seopress_titles_title":"","_seopress_titles_desc":"","_seopress_robots_index":"","footnotes":""},"categories":[3],"tags":[31397],"class_list":{"0":"post-52325","1":"post","2":"type-post","3":"status-publish","4":"format-standard","5":"has-post-thumbnail","7":"category-cine-y-series","8":"tag-trailer-de-wonder-woman"},"_links":{"self":[{"href":"https:\/\/www.cordobatimes.com\/showup\/wp-json\/wp\/v2\/posts\/52325","targetHints":{"allow":["GET"]}}],"collection":[{"href":"https:\/\/www.cordobatimes.com\/showup\/wp-json\/wp\/v2\/posts"}],"about":[{"href":"https:\/\/www.cordobatimes.com\/showup\/wp-json\/wp\/v2\/types\/post"}],"author":[{"embeddable":true,"href":"https:\/\/www.cordobatimes.com\/showup\/wp-json\/wp\/v2\/users\/1"}],"replies":[{"embeddable":true,"href":"https:\/\/www.cordobatimes.com\/showup\/wp-json\/wp\/v2\/comments?post=52325"}],"version-history":[{"count":0,"href":"https:\/\/www.cordobatimes.com\/showup\/wp-json\/wp\/v2\/posts\/52325\/revisions"}],"wp:featuredmedia":[{"embeddable":true,"href":"https:\/\/www.cordobatimes.com\/showup\/wp-json\/wp\/v2\/media\/52326"}],"wp:attachment":[{"href":"https:\/\/www.cordobatimes.com\/showup\/wp-json\/wp\/v2\/media?parent=52325"}],"wp:term":[{"taxonomy":"category","embeddable":true,"href":"https:\/\/www.cordobatimes.com\/showup\/wp-json\/wp\/v2\/categories?post=52325"},{"taxonomy":"post_tag","embeddable":true,"href":"https:\/\/www.cordobatimes.com\/showup\/wp-json\/wp\/v2\/tags?post=52325"}],"curies":[{"name":"wp","href":"https:\/\/api.w.org\/{rel}","templated":true}]}}