{"id":52177,"date":"2017-05-04T11:48:18","date_gmt":"2017-05-04T14:48:18","guid":{"rendered":"http:\/\/www.cordobatimes.com\/showup\/?p=52177"},"modified":"2020-05-17T09:37:21","modified_gmt":"2020-05-17T12:37:21","slug":"la-biografia-de-luis-miguel-llega-a-netflix","status":"publish","type":"post","link":"https:\/\/www.cordobatimes.com\/showup\/cine-y-series\/2017\/05\/04\/la-biografia-de-luis-miguel-llega-a-netflix\/","title":{"rendered":"La biografia de Luis Miguel llega a Netflix"},"content":{"rendered":"<h3><strong>El servicio de streaming asegur\u00f3 que contar\u00e1 \u00abla verdadera historia\u00bb del Sol de Am\u00e9rica.<\/strong><\/h3>\n<p>Netflix anunci\u00f3 el pronto estreno de una serie basada en la vida de Luis Miguel, quien durante esta semana pag\u00f3 una fianza de un mill\u00f3n de d\u00f3lares para salir de la c\u00e1rcel.<\/p>\n<p>Seg\u00fan la plataforma de streaming, la serie contar\u00e1 la verdadera historia del Sol de Am\u00e9rica y dejar\u00e1 fuera todos los rumores.<\/p>\n<p>Todav\u00eda no hay informaci\u00f3n sobre la fecha de estreno ni de la cantidad de cap\u00edtulos de esta primera temporada.<\/p>\n<p><iframe loading=\"lazy\" src=\"https:\/\/www.youtube.com\/embed\/LubOdyOz5pk\" width=\"560\" height=\"315\" frameborder=\"0\" allowfullscreen=\"allowfullscreen\"><\/iframe><\/p>\n","protected":false},"excerpt":{"rendered":"<p>El servicio de streaming asegur\u00f3 que contar\u00e1 \u00abla verdadera historia\u00bb del Sol de Am\u00e9rica. Netflix anunci\u00f3 el pronto estreno de una serie basada en la vida de Luis Miguel, quien durante esta semana pag\u00f3 una fianza de un mill\u00f3n de d\u00f3lares para salir de la c\u00e1rcel. Seg\u00fan la plataforma de streaming, la serie contar\u00e1 la [&hellip;]<\/p>\n","protected":false},"author":1,"featured_media":52178,"comment_status":"closed","ping_status":"closed","sticky":false,"template":"","format":"standard","meta":{"_seopress_robots_primary_cat":"","_seopress_titles_title":"","_seopress_titles_desc":"","_seopress_robots_index":"","footnotes":""},"categories":[3],"tags":[24751,17749],"class_list":{"0":"post-52177","1":"post","2":"type-post","3":"status-publish","4":"format-standard","5":"has-post-thumbnail","7":"category-cine-y-series","8":"tag-biografia-de-luis-miguel","9":"tag-luis-miguel-la-serie"},"_links":{"self":[{"href":"https:\/\/www.cordobatimes.com\/showup\/wp-json\/wp\/v2\/posts\/52177","targetHints":{"allow":["GET"]}}],"collection":[{"href":"https:\/\/www.cordobatimes.com\/showup\/wp-json\/wp\/v2\/posts"}],"about":[{"href":"https:\/\/www.cordobatimes.com\/showup\/wp-json\/wp\/v2\/types\/post"}],"author":[{"embeddable":true,"href":"https:\/\/www.cordobatimes.com\/showup\/wp-json\/wp\/v2\/users\/1"}],"replies":[{"embeddable":true,"href":"https:\/\/www.cordobatimes.com\/showup\/wp-json\/wp\/v2\/comments?post=52177"}],"version-history":[{"count":0,"href":"https:\/\/www.cordobatimes.com\/showup\/wp-json\/wp\/v2\/posts\/52177\/revisions"}],"wp:featuredmedia":[{"embeddable":true,"href":"https:\/\/www.cordobatimes.com\/showup\/wp-json\/wp\/v2\/media\/52178"}],"wp:attachment":[{"href":"https:\/\/www.cordobatimes.com\/showup\/wp-json\/wp\/v2\/media?parent=52177"}],"wp:term":[{"taxonomy":"category","embeddable":true,"href":"https:\/\/www.cordobatimes.com\/showup\/wp-json\/wp\/v2\/categories?post=52177"},{"taxonomy":"post_tag","embeddable":true,"href":"https:\/\/www.cordobatimes.com\/showup\/wp-json\/wp\/v2\/tags?post=52177"}],"curies":[{"name":"wp","href":"https:\/\/api.w.org\/{rel}","templated":true}]}}