{"id":52062,"date":"2017-05-01T11:36:09","date_gmt":"2017-05-01T14:36:09","guid":{"rendered":"http:\/\/www.cordobatimes.com\/showup\/?p=52062"},"modified":"2020-05-17T10:18:47","modified_gmt":"2020-05-17T13:18:47","slug":"el-reparto-de-el-padrino-se-reune-a-45-anos-del-estreno","status":"publish","type":"post","link":"https:\/\/www.cordobatimes.com\/showup\/cine-y-series\/2017\/05\/01\/el-reparto-de-el-padrino-se-reune-a-45-anos-del-estreno\/","title":{"rendered":"El  reparto de \u201cEl Padrino\u201d se re\u00fane a 45 a\u00f1os del estreno"},"content":{"rendered":"<h3><strong>El Festival de Cine de Tribeca rindi\u00f3 homenaje a la ic\u00f3nica pel\u00edcula. Francis Ford Coppola, Al Pacino, Robert De Niro, James Caan, Robert Duvall y Diane Keaton recordaron las dificultades y an\u00e9cdotas.<\/strong><\/h3>\n<p class=\"primero\">El Festival de Cine de Tribeca ha rendido homenaje a la pel\u00edcula <em>El Padrino<\/em>, por el 45 aniversario de su estreno, con un coloquio en el que participaron su director, Francis Ford Coppola, y sus protagonistas, Al Pacino, Robert De Niro, James Caan, Robert Duvall y Diane Keaton.<\/p>\n<p>Coppola y el elenco de afamados actores, entre los que tambi\u00e9n se encontraba Talia Shire, recordaron durante m\u00e1s de una hora las numerosas dificultades por las que tuvieron que pasar para completar la que est\u00e1 considerada como una de las mejores pel\u00edculas de la historia, y que lanz\u00f3 al estrellato a algunos de sus protagonistas.<\/p>\n<p>El director narr\u00f3 con detalle sus enfrentamientos continuos con el estudio que financi\u00f3 la pel\u00edcula, Paramount, que no estaba de acuerdo con la participaci\u00f3n de Marlon Brando, que interpret\u00f3 el papel de Vito Corleone, ni con la de Al Pacino como Michael Corleone.<\/p>\n<p><em>\u201cEn un momento dado el estudio me lleg\u00f3 a decir que no volviera a mencionar el nombre de Marlon Brando\u201d<\/em>, afirm\u00f3 Coppola en el coloquio, celebrado despu\u00e9s de la proyecci\u00f3n de<em> El Padrino<\/em> y <em>El Padrino II<\/em> en el m\u00edtico Radio City Music Hall de Nueva York.<\/p>\n<p>Sin embargo, Coppola sigui\u00f3 insistiendo en su elecci\u00f3n de Brando como actor protagonista pese a las amenazas de despido que recibi\u00f3 por parte de Paramount, as\u00ed como con la de Al Pacino, hasta entonces un int\u00e9rprete poco conocido que se hab\u00eda dedicado en buena parte al teatro.<\/p>\n<p><em>\u201cHubo mucha controversia con la elecci\u00f3n de los actores\u201d<\/em>, asever\u00f3 el director, que cont\u00f3 que a los ejecutivos de la productora de cine no les gustaba Brando porque no ten\u00eda una buena dicci\u00f3n y no se entend\u00eda su di\u00e1logo, mientras que Pacino les pareci\u00f3 un actor poco conocido que no estaba a la altura de las circunstancias.<\/p>\n<p>Pacino tambi\u00e9n era muy consciente, durante el rodaje de la cinta, de que su elecci\u00f3n no hab\u00eda ca\u00eddo bien a los ejecutivos de Paramount ni a mucha de la gente que trabaj\u00f3 en la pel\u00edcula.<\/p>\n<p><em>\u201cLa verdad es que nunca es agradable estar en un sitio en el que no se te quiere\u201d<\/em>, dijo el actor, que cont\u00f3 c\u00f3mo o\u00eda al personal contratado hablar mal de \u00e9l o reirse de forma constante durante la grabaci\u00f3n de la primera parte de El Padrino.<\/p>\n<p>Pacino tampoco estaba muy convencido inicialmente de querer interpretar el papel de Michael Corleone cuando Coppola se lo ofreci\u00f3.<br \/>\n<em>\u201cPens\u00e9 que (Coppola) estaba completamente loco. Le dije que me lo pensar\u00eda, pero enseguida pens\u00e9 que no era un buen papel para m\u00ed\u201d<\/em>, dijo Pacino, al que sin embargo m\u00e1s tarde Coppola consigui\u00f3 convencer con su insistencia.<\/p>\n<p><em>\u201cCuando un director te quiere para un papel, es una gran suerte. Es entonces cuando el director tambi\u00e9n te empieza a gustar a ti. (\u2026) \u00c9l quer\u00eda tanto trabajar conmigo que empec\u00e9 a pensar que quiz\u00e1 s\u00ed que pod\u00eda hacer el papel\u201d<\/em>, asegur\u00f3 Pacino.<\/p>\n<p>Coppola asimismo se tuvo que enfrentar a Paramount por su elecci\u00f3n para el papel de Connie Corleone, que tampoco convenc\u00eda puesto que la actriz que hab\u00eda elegido era su hermana, Talia Shire, y por la fotograf\u00eda seleccionada para el filme, considerada demasiado oscura.<\/p>\n<p>Tanto Coppola como Diane Keaton confesaron en este homenaje no haber visto de nuevo El Padrino y El Pardino II en d\u00e9cadas, y aseguraron que fue una experiencia muy emocionante recordar todos los obst\u00e1culos que se tuvieron que sortear hasta completar la cinta.<\/p>\n<p>Keaton cont\u00f3 que vio la pel\u00edcula de nuevo recientemente despu\u00e9s de m\u00e1s de 30 a\u00f1os, y que la experiencia fue \u201cincre\u00edble\u201d. <em>\u201cMientras la ve\u00eda s\u00f3lo pod\u00eda pensar en lo extraordinaria y preciosa que es la pel\u00edcula, en lo bien que actuamos todos, la m\u00fasica. Todo lo que elegiste fue con tanto gusto\u2026\u201d,<\/em> dijo Keaton a Coppola. \u201cFue alucinante. No pod\u00eda parar de llorar\u201d, apunt\u00f3.<\/p>\n<p>Coppola afirm\u00f3 asimismo que El Padrino es una pel\u00edcula que hoy en d\u00eda no se hubiera producido debido a su alto coste y a que ning\u00fan estudio se hubiera arriesgado a invertir en el filme.<\/p>\n<p><em>\u201cNo le hubieran dado el visto bueno. La primera pel\u00edcula cost\u00f3 6,5 millones de d\u00f3lares, la segunda 12 millones, que si se convierte a dinero de ahora es mucho y s\u00f3lo podr\u00eda hacerlo una productora importante. Hoy en d\u00eda no se le hubiera dado luz verde\u201d<\/em>, opin\u00f3 el director.<\/p>\n<p><iframe loading=\"lazy\" style=\"border: none; overflow: hidden;\" src=\"https:\/\/www.facebook.com\/plugins\/video.php?href=https%3A%2F%2Fwww.facebook.com%2FTribeca%2Fvideos%2F10155341025099758%2F&amp;show_text=0&amp;width=560\" width=\"560\" height=\"315\" frameborder=\"0\" scrolling=\"no\" allowfullscreen=\"allowfullscreen\"><\/iframe><\/p>\n","protected":false},"excerpt":{"rendered":"<p>El Festival de Cine de Tribeca rindi\u00f3 homenaje a la ic\u00f3nica pel\u00edcula. Francis Ford Coppola, Al Pacino, Robert De Niro, James Caan, Robert Duvall y Diane Keaton recordaron las dificultades y an\u00e9cdotas. El Festival de Cine de Tribeca ha rendido homenaje a la pel\u00edcula El Padrino, por el 45 aniversario de su estreno, con un [&hellip;]<\/p>\n","protected":false},"author":1,"featured_media":52063,"comment_status":"closed","ping_status":"closed","sticky":false,"template":"","format":"standard","meta":{"_seopress_robots_primary_cat":"","_seopress_titles_title":"","_seopress_titles_desc":"","_seopress_robots_index":"","footnotes":""},"categories":[3],"tags":[31543,31544],"class_list":{"0":"post-52062","1":"post","2":"type-post","3":"status-publish","4":"format-standard","5":"has-post-thumbnail","7":"category-cine-y-series","8":"tag-elenco-del-padrino","9":"tag-festival-de-cine-de-tribeca-rindio-homenaje-a-el-padrino"},"_links":{"self":[{"href":"https:\/\/www.cordobatimes.com\/showup\/wp-json\/wp\/v2\/posts\/52062","targetHints":{"allow":["GET"]}}],"collection":[{"href":"https:\/\/www.cordobatimes.com\/showup\/wp-json\/wp\/v2\/posts"}],"about":[{"href":"https:\/\/www.cordobatimes.com\/showup\/wp-json\/wp\/v2\/types\/post"}],"author":[{"embeddable":true,"href":"https:\/\/www.cordobatimes.com\/showup\/wp-json\/wp\/v2\/users\/1"}],"replies":[{"embeddable":true,"href":"https:\/\/www.cordobatimes.com\/showup\/wp-json\/wp\/v2\/comments?post=52062"}],"version-history":[{"count":0,"href":"https:\/\/www.cordobatimes.com\/showup\/wp-json\/wp\/v2\/posts\/52062\/revisions"}],"wp:featuredmedia":[{"embeddable":true,"href":"https:\/\/www.cordobatimes.com\/showup\/wp-json\/wp\/v2\/media\/52063"}],"wp:attachment":[{"href":"https:\/\/www.cordobatimes.com\/showup\/wp-json\/wp\/v2\/media?parent=52062"}],"wp:term":[{"taxonomy":"category","embeddable":true,"href":"https:\/\/www.cordobatimes.com\/showup\/wp-json\/wp\/v2\/categories?post=52062"},{"taxonomy":"post_tag","embeddable":true,"href":"https:\/\/www.cordobatimes.com\/showup\/wp-json\/wp\/v2\/tags?post=52062"}],"curies":[{"name":"wp","href":"https:\/\/api.w.org\/{rel}","templated":true}]}}