{"id":51997,"date":"2017-04-29T10:29:01","date_gmt":"2017-04-29T13:29:01","guid":{"rendered":"http:\/\/www.cordobatimes.com\/showup\/?p=51997"},"modified":"2020-05-13T11:56:34","modified_gmt":"2020-05-13T14:56:34","slug":"malu-y-abel-pintos-grabaron-una-nueva-version-de-once-mil","status":"publish","type":"post","link":"https:\/\/www.cordobatimes.com\/showup\/musica\/2017\/04\/29\/malu-y-abel-pintos-grabaron-una-nueva-version-de-once-mil\/","title":{"rendered":"Mal\u00fa y Abel Pintos grabaron una nueva versi\u00f3n de \u201cOnce mil\u201d"},"content":{"rendered":"<p>Finalmente Abel Pintos y Mal\u00fa revelaron en qu\u00e9 estaban trabajando. Hab\u00edan generado gran expectativa entre sus seguidores tras sus posteos en las redes sociales.<\/p>\n<p>La artista espa\u00f1ola grab\u00f3 junto a uno de los artistas del momento en el pais, una nueva versi\u00f3n del tema: \u201cOnce mil\u201d.<\/p>\n<p>Mal\u00fa se uni\u00f3 as\u00ed a Abel Pintos para colaborar en una reedici\u00f3n de este Once Mil, un tema que ya estaba incluido en el \u00faltimo disco del cantante \u201c11\u201d, que en Argentina ya ha logrado el Disco de Platino tras superar las 40.000 copias.<\/p>\n<p><iframe loading=\"lazy\" src=\"https:\/\/www.youtube.com\/embed\/5Y4AfEMfY7E\" width=\"560\" height=\"315\" frameborder=\"0\" allowfullscreen=\"allowfullscreen\"><\/iframe><\/p>\n","protected":false},"excerpt":{"rendered":"<p>Finalmente Abel Pintos y Mal\u00fa revelaron en qu\u00e9 estaban trabajando. Hab\u00edan generado gran expectativa entre sus seguidores tras sus posteos en las redes sociales. La artista espa\u00f1ola grab\u00f3 junto a uno de los artistas del momento en el pais, una nueva versi\u00f3n del tema: \u201cOnce mil\u201d. Mal\u00fa se uni\u00f3 as\u00ed a Abel Pintos para colaborar [&hellip;]<\/p>\n","protected":false},"author":1,"featured_media":51998,"comment_status":"closed","ping_status":"closed","sticky":false,"template":"","format":"standard","meta":{"_seopress_robots_primary_cat":"","_seopress_titles_title":"","_seopress_titles_desc":"","_seopress_robots_index":"","footnotes":""},"categories":[5],"tags":[17695,31411],"class_list":{"0":"post-51997","1":"post","2":"type-post","3":"status-publish","4":"format-standard","5":"has-post-thumbnail","7":"category-musica","8":"tag-malu-y-abel-pintos","9":"tag-malu-y-abel-pintos-once-mil"},"_links":{"self":[{"href":"https:\/\/www.cordobatimes.com\/showup\/wp-json\/wp\/v2\/posts\/51997","targetHints":{"allow":["GET"]}}],"collection":[{"href":"https:\/\/www.cordobatimes.com\/showup\/wp-json\/wp\/v2\/posts"}],"about":[{"href":"https:\/\/www.cordobatimes.com\/showup\/wp-json\/wp\/v2\/types\/post"}],"author":[{"embeddable":true,"href":"https:\/\/www.cordobatimes.com\/showup\/wp-json\/wp\/v2\/users\/1"}],"replies":[{"embeddable":true,"href":"https:\/\/www.cordobatimes.com\/showup\/wp-json\/wp\/v2\/comments?post=51997"}],"version-history":[{"count":0,"href":"https:\/\/www.cordobatimes.com\/showup\/wp-json\/wp\/v2\/posts\/51997\/revisions"}],"wp:featuredmedia":[{"embeddable":true,"href":"https:\/\/www.cordobatimes.com\/showup\/wp-json\/wp\/v2\/media\/51998"}],"wp:attachment":[{"href":"https:\/\/www.cordobatimes.com\/showup\/wp-json\/wp\/v2\/media?parent=51997"}],"wp:term":[{"taxonomy":"category","embeddable":true,"href":"https:\/\/www.cordobatimes.com\/showup\/wp-json\/wp\/v2\/categories?post=51997"},{"taxonomy":"post_tag","embeddable":true,"href":"https:\/\/www.cordobatimes.com\/showup\/wp-json\/wp\/v2\/tags?post=51997"}],"curies":[{"name":"wp","href":"https:\/\/api.w.org\/{rel}","templated":true}]}}