{"id":51837,"date":"2017-04-24T21:00:14","date_gmt":"2017-04-25T00:00:14","guid":{"rendered":"http:\/\/www.cordobatimes.com\/showup\/?p=51837"},"modified":"2020-05-13T12:50:40","modified_gmt":"2020-05-13T15:50:40","slug":"lali-esposito-nominada-para-los-premios-mtv-miaw-2017","status":"publish","type":"post","link":"https:\/\/www.cordobatimes.com\/showup\/musica\/2017\/04\/24\/lali-esposito-nominada-para-los-premios-mtv-miaw-2017\/","title":{"rendered":"Lali Esp\u00f3sito nominada para los premios MTV Miaw 2017"},"content":{"rendered":"<h3><strong>La estrella pop argentina est\u00e1 nominada a Video del a\u00f1o, Explosi\u00f3n pop del a\u00f1o y Mejor Artista Argentina, Los premios\u00a0\u00a0entregar\u00e1n el domingo 4 de junio.<\/strong><\/h3>\n<p>MTV Latinoam\u00e9rica dio a conocer hoy a trav\u00e9s de Facebook Live los nominados para la quinta edici\u00f3n de los MTV MIAW 2017, la premiaci\u00f3n m\u00e1s importante de Latinoam\u00e9rica que celebra lo mejor de la cultura pop, mundo digital y redes sociales, que se transmitir\u00e1 el pr\u00f3ximo domingo 4 de junio por MTV.<\/p>\n<p>Lali Esp\u00f3sito est\u00e1 nominada en cuatro categor\u00edas (V\u00eddeo del a\u00f1o, Explosi\u00f3n Pop del a\u00f1o, Mejor Artista Argentina e Instagramer)<\/p>\n<p>Adem\u00e1s, Cande Tinelli, Flor Vigna, Juli\u00e1n Serrano, Franco Masini, Mica Viciconte, Charlotte Caniggia y el youtuber Lucas Castel se enfrentar\u00e1n a Lali para coronarse como Instagramer nivel Dios Argentina. La votaci\u00f3n global ya comenz\u00f3 y los fans pueden votar a sus favoritos a trav\u00e9s del sitio miaw.mtvla.com.<\/p>\n<p>Los Premios MTV MIAW se realizar\u00e1n en la ciudad de M\u00e9xico y contar\u00e1 con actuaciones musicales en vivo, la presencia de las estrellas digitales m\u00e1s \u00ablikeadas\u00bb del momento y m\u00e1s personalidades y celebridades que ser\u00e1n anunciadas pr\u00f3ximamente.<\/p>\n","protected":false},"excerpt":{"rendered":"<p>La estrella pop argentina est\u00e1 nominada a Video del a\u00f1o, Explosi\u00f3n pop del a\u00f1o y Mejor Artista Argentina, Los premios\u00a0\u00a0entregar\u00e1n el domingo 4 de junio. MTV Latinoam\u00e9rica dio a conocer hoy a trav\u00e9s de Facebook Live los nominados para la quinta edici\u00f3n de los MTV MIAW 2017, la premiaci\u00f3n m\u00e1s importante de Latinoam\u00e9rica que celebra [&hellip;]<\/p>\n","protected":false},"author":1,"featured_media":51838,"comment_status":"closed","ping_status":"closed","sticky":false,"template":"","format":"standard","meta":{"_seopress_robots_primary_cat":"","_seopress_titles_title":"","_seopress_titles_desc":"","_seopress_robots_index":"","footnotes":""},"categories":[5],"tags":[31416],"class_list":{"0":"post-51837","1":"post","2":"type-post","3":"status-publish","4":"format-standard","5":"has-post-thumbnail","7":"category-musica","8":"tag-lali-esposito-premios-mtv-miaw-2017"},"_links":{"self":[{"href":"https:\/\/www.cordobatimes.com\/showup\/wp-json\/wp\/v2\/posts\/51837","targetHints":{"allow":["GET"]}}],"collection":[{"href":"https:\/\/www.cordobatimes.com\/showup\/wp-json\/wp\/v2\/posts"}],"about":[{"href":"https:\/\/www.cordobatimes.com\/showup\/wp-json\/wp\/v2\/types\/post"}],"author":[{"embeddable":true,"href":"https:\/\/www.cordobatimes.com\/showup\/wp-json\/wp\/v2\/users\/1"}],"replies":[{"embeddable":true,"href":"https:\/\/www.cordobatimes.com\/showup\/wp-json\/wp\/v2\/comments?post=51837"}],"version-history":[{"count":0,"href":"https:\/\/www.cordobatimes.com\/showup\/wp-json\/wp\/v2\/posts\/51837\/revisions"}],"wp:featuredmedia":[{"embeddable":true,"href":"https:\/\/www.cordobatimes.com\/showup\/wp-json\/wp\/v2\/media\/51838"}],"wp:attachment":[{"href":"https:\/\/www.cordobatimes.com\/showup\/wp-json\/wp\/v2\/media?parent=51837"}],"wp:term":[{"taxonomy":"category","embeddable":true,"href":"https:\/\/www.cordobatimes.com\/showup\/wp-json\/wp\/v2\/categories?post=51837"},{"taxonomy":"post_tag","embeddable":true,"href":"https:\/\/www.cordobatimes.com\/showup\/wp-json\/wp\/v2\/tags?post=51837"}],"curies":[{"name":"wp","href":"https:\/\/api.w.org\/{rel}","templated":true}]}}