{"id":51641,"date":"2017-04-17T16:51:12","date_gmt":"2017-04-17T19:51:12","guid":{"rendered":"http:\/\/www.cordobatimes.com\/showup\/?p=51641"},"modified":"2020-05-13T19:16:56","modified_gmt":"2020-05-13T22:16:56","slug":"la-foto-del-apasionado-beso-de-ficcion-de-luisana-lopilato-con-guillermo-francella","status":"publish","type":"post","link":"https:\/\/www.cordobatimes.com\/showup\/cine-y-series\/2017\/04\/17\/la-foto-del-apasionado-beso-de-ficcion-de-luisana-lopilato-con-guillermo-francella\/","title":{"rendered":"La foto del apasionado beso de ficci\u00f3n de Luisana Lopilato con Guillermo Francella"},"content":{"rendered":"<h3><strong>Los actores, que encarnaron a los Argento como padre e hija en Casados con hijos, protagonizan el filme Los que aman, odian.<\/strong><\/h3>\n<p>La imagen fue demasiado fuerte para los miles de fans de la <em>sitcom<\/em> Casados con hijos. Con dos temporadas -y <em>vaaarias<\/em> repeticiones en la pantalla de Telefe-, los personajes de Pepe Argento y su hija Paola quedaron grabados en la memoria de los televidentes. A 12 a\u00f1os (s\u00ed, ley\u00f3 bien, doce a\u00f1os) del debut de la serie, un proyecto volvi\u00f3 a reunir a Guillermo Francella\u00a0 y Luisana Lopilato.<\/p>\n<p>Los actores protagonizan la pel\u00edcula Los que aman, odian, en la que encarnan a un m\u00e9dico estructurado y a una joven que se dejan llevar por lo que sienten sin importar la diferencia de edad. En las redes sociales se filtr\u00f3 una imagen del apasionado beso de ficci\u00f3n que se dan sus personajes y la mecha de la pol\u00e9mica prendi\u00f3 con una rapidez impresionante.<\/p>\n<p>\u201cNooo, no me gusta, los amo a los dos, pero no s\u00e9 si esa imagen la voy a poder superar. Es que tengo una imagen de un cari\u00f1o paternal de \u00e9l hacia ella, no me los imagino bes\u00e1ndose\u201d, \u201cMe pasa lo mismo, no los podr\u00eda ver de otra manera&#8230; Igual, me la ve\u00eda venir\u201d, \u201cNoooooo. Qu\u00e9 fea imagen. Los dos son buenos actores&#8230; pero para m\u00ed en esta imagen veo a Pepe Argento besando a su hija\u201d, y \u201cMe da escalofr\u00edos esta imagen, es como si estuviera besando a su hija, no me los imagino bes\u00e1ndose\u201d, fueron solo algunos de los comentarios.<\/p>\n<p>&nbsp;<\/p>\n","protected":false},"excerpt":{"rendered":"<p>Los actores, que encarnaron a los Argento como padre e hija en Casados con hijos, protagonizan el filme Los que aman, odian. La imagen fue demasiado fuerte para los miles de fans de la sitcom Casados con hijos. Con dos temporadas -y vaaarias repeticiones en la pantalla de Telefe-, los personajes de Pepe Argento y [&hellip;]<\/p>\n","protected":false},"author":1,"featured_media":51642,"comment_status":"closed","ping_status":"closed","sticky":false,"template":"","format":"standard","meta":{"_seopress_robots_primary_cat":"","_seopress_titles_title":"","_seopress_titles_desc":"","_seopress_robots_index":"","footnotes":""},"categories":[3],"tags":[31441,31428],"class_list":{"0":"post-51641","1":"post","2":"type-post","3":"status-publish","4":"format-standard","5":"has-post-thumbnail","7":"category-cine-y-series","8":"tag-beso-de-ficcion-de-luisana-lopilato-con-guillermo-francella","9":"tag-luisana-lopilato-y-guillermo-francella"},"_links":{"self":[{"href":"https:\/\/www.cordobatimes.com\/showup\/wp-json\/wp\/v2\/posts\/51641","targetHints":{"allow":["GET"]}}],"collection":[{"href":"https:\/\/www.cordobatimes.com\/showup\/wp-json\/wp\/v2\/posts"}],"about":[{"href":"https:\/\/www.cordobatimes.com\/showup\/wp-json\/wp\/v2\/types\/post"}],"author":[{"embeddable":true,"href":"https:\/\/www.cordobatimes.com\/showup\/wp-json\/wp\/v2\/users\/1"}],"replies":[{"embeddable":true,"href":"https:\/\/www.cordobatimes.com\/showup\/wp-json\/wp\/v2\/comments?post=51641"}],"version-history":[{"count":0,"href":"https:\/\/www.cordobatimes.com\/showup\/wp-json\/wp\/v2\/posts\/51641\/revisions"}],"wp:featuredmedia":[{"embeddable":true,"href":"https:\/\/www.cordobatimes.com\/showup\/wp-json\/wp\/v2\/media\/51642"}],"wp:attachment":[{"href":"https:\/\/www.cordobatimes.com\/showup\/wp-json\/wp\/v2\/media?parent=51641"}],"wp:term":[{"taxonomy":"category","embeddable":true,"href":"https:\/\/www.cordobatimes.com\/showup\/wp-json\/wp\/v2\/categories?post=51641"},{"taxonomy":"post_tag","embeddable":true,"href":"https:\/\/www.cordobatimes.com\/showup\/wp-json\/wp\/v2\/tags?post=51641"}],"curies":[{"name":"wp","href":"https:\/\/api.w.org\/{rel}","templated":true}]}}