{"id":51605,"date":"2017-04-15T10:39:17","date_gmt":"2017-04-15T13:39:17","guid":{"rendered":"http:\/\/www.cordobatimes.com\/showup\/?p=51605"},"modified":"2020-05-13T20:32:18","modified_gmt":"2020-05-13T23:32:18","slug":"lanzaron-el-espectacular-primer-trailer-de-star-wars-los-ultimos-jedis","status":"publish","type":"post","link":"https:\/\/www.cordobatimes.com\/showup\/cine-y-series\/2017\/04\/15\/lanzaron-el-espectacular-primer-trailer-de-star-wars-los-ultimos-jedis\/","title":{"rendered":"Lanzaron el espectacular primer trailer de Star Wars, los \u00faltimos jedis"},"content":{"rendered":"<p>La multitudinaria convenci\u00f3n por los 40 a\u00f1os del estreno en cine de Star Wars fue el marco ideal para que, luego de que el universo posara sus ojos sobre\u00a0George Lucas, Harrison Ford, Mark Hamill y John Williams, se lanzara el primer teaser del Episodio VIII de la saga. El jueves la cuenta oficial de Twitter de una de las marcas m\u00e1s taquillera del s\u00e9ptimo arte comparti\u00f3 un adelanto de lo que ser\u00e1 Los \u00faltimos jedis, bajo la direcci\u00f3n de\u00a0Rian Johnson (Looper).<\/p>\n<p><iframe loading=\"lazy\" src=\"https:\/\/www.youtube.com\/embed\/zB4I68XVPzQ\" width=\"560\" height=\"315\" frameborder=\"0\" allowfullscreen=\"allowfullscreen\"><\/iframe><\/p>\n<p>Se espera que el film sea estrenado el 15 de diciembre, y el tono del tr\u00e1iler es m\u00e1s oscuro que el del Episodio VII, en l\u00ednea con El imperio contraataca. Una vez m\u00e1s, Daisy Ridley ser\u00e1 la hero\u00edna Rey, y tendr\u00e1 como contrafigura al Luke Skywalker interpretado por Mark Hamill, quien estar\u00e1 perdido en una isla.<\/p>\n<blockquote class=\"twitter-tweet\" data-lang=\"es\">\n<p dir=\"ltr\" lang=\"en\"><a href=\"https:\/\/twitter.com\/hashtag\/TheLastJedi?src=hash\">#TheLastJedi<\/a> poster has been revealed. <a href=\"https:\/\/twitter.com\/hashtag\/SWCO?src=hash\">#SWCO<\/a> <a href=\"https:\/\/t.co\/fqnf1bQtPu\">pic.twitter.com\/fqnf1bQtPu<\/a><\/p>\n<p>\u2014 Star Wars (@starwars) <a href=\"https:\/\/twitter.com\/starwars\/status\/852912773910548480\">14 de abril de 2017<\/a><\/p><\/blockquote>\n<p><script async src=\"\/\/platform.twitter.com\/widgets.js\" charset=\"utf-8\"><\/script><\/p>\n<p>Seg\u00fan la p\u00e1gina especializada Box Office Mojo, la saga gal\u00e1ctica tiene cinco de sus cintas entre las 20 que m\u00e1s entradas vendieron en la historia.<\/p>\n","protected":false},"excerpt":{"rendered":"<p>La multitudinaria convenci\u00f3n por los 40 a\u00f1os del estreno en cine de Star Wars fue el marco ideal para que, luego de que el universo posara sus ojos sobre\u00a0George Lucas, Harrison Ford, Mark Hamill y John Williams, se lanzara el primer teaser del Episodio VIII de la saga. El jueves la cuenta oficial de Twitter [&hellip;]<\/p>\n","protected":false},"author":1,"featured_media":51606,"comment_status":"closed","ping_status":"closed","sticky":false,"template":"","format":"standard","meta":{"_seopress_robots_primary_cat":"","_seopress_titles_title":"","_seopress_titles_desc":"","_seopress_robots_index":"","footnotes":""},"categories":[3],"tags":[31444],"class_list":{"0":"post-51605","1":"post","2":"type-post","3":"status-publish","4":"format-standard","5":"has-post-thumbnail","7":"category-cine-y-series","8":"tag-trailer-de-star-wars-los-ultimos-jedis"},"_links":{"self":[{"href":"https:\/\/www.cordobatimes.com\/showup\/wp-json\/wp\/v2\/posts\/51605","targetHints":{"allow":["GET"]}}],"collection":[{"href":"https:\/\/www.cordobatimes.com\/showup\/wp-json\/wp\/v2\/posts"}],"about":[{"href":"https:\/\/www.cordobatimes.com\/showup\/wp-json\/wp\/v2\/types\/post"}],"author":[{"embeddable":true,"href":"https:\/\/www.cordobatimes.com\/showup\/wp-json\/wp\/v2\/users\/1"}],"replies":[{"embeddable":true,"href":"https:\/\/www.cordobatimes.com\/showup\/wp-json\/wp\/v2\/comments?post=51605"}],"version-history":[{"count":0,"href":"https:\/\/www.cordobatimes.com\/showup\/wp-json\/wp\/v2\/posts\/51605\/revisions"}],"wp:featuredmedia":[{"embeddable":true,"href":"https:\/\/www.cordobatimes.com\/showup\/wp-json\/wp\/v2\/media\/51606"}],"wp:attachment":[{"href":"https:\/\/www.cordobatimes.com\/showup\/wp-json\/wp\/v2\/media?parent=51605"}],"wp:term":[{"taxonomy":"category","embeddable":true,"href":"https:\/\/www.cordobatimes.com\/showup\/wp-json\/wp\/v2\/categories?post=51605"},{"taxonomy":"post_tag","embeddable":true,"href":"https:\/\/www.cordobatimes.com\/showup\/wp-json\/wp\/v2\/tags?post=51605"}],"curies":[{"name":"wp","href":"https:\/\/api.w.org\/{rel}","templated":true}]}}