{"id":51311,"date":"2017-04-02T23:00:41","date_gmt":"2017-04-03T02:00:41","guid":{"rendered":"http:\/\/cordobatimes.com\/showup\/?p=51311"},"modified":"2020-05-14T13:34:52","modified_gmt":"2020-05-14T16:34:52","slug":"milanesas-de-berenjenas-napolitanas","status":"publish","type":"post","link":"https:\/\/www.cordobatimes.com\/showup\/cocina\/2017\/04\/02\/milanesas-de-berenjenas-napolitanas\/","title":{"rendered":"Milanesas de Berenjenas Napolitanas"},"content":{"rendered":"<h3 class=\"section-header\" data-reactid=\"234\"><span data-reactid=\"235\">Ingredientes<\/span><\/h3>\n<div data-reactid=\"236\">\n<ul class=\"no-bullet recipe-ingredients-list\" data-reactid=\"237\">\n<li data-reactid=\"238\">\n<p class=\"p-ingredient\" data-reactid=\"239\">2 berenjenas grandes<\/p>\n<\/li>\n<li data-reactid=\"240\">\n<p class=\"p-ingredient\" data-reactid=\"241\">150 gr de harina<\/p>\n<\/li>\n<li data-reactid=\"242\">\n<p class=\"p-ingredient\" data-reactid=\"243\">3 huevos<\/p>\n<\/li>\n<li data-reactid=\"244\">\n<p class=\"p-ingredient\" data-reactid=\"245\">500 gr de pan rallado<\/p>\n<\/li>\n<li data-reactid=\"246\">\n<p class=\"p-ingredient\" data-reactid=\"247\">8 cdas. de salsa de tomate<\/p>\n<\/li>\n<\/ul>\n<ul class=\"no-bullet recipe-ingredients-list second\" data-reactid=\"248\">\n<li data-reactid=\"249\">\n<p class=\"p-ingredient\" data-reactid=\"250\">300 ml de aceite<\/p>\n<\/li>\n<li data-reactid=\"251\">\n<p class=\"p-ingredient\" data-reactid=\"252\">150 gr de jam\u00f3n Cocido<\/p>\n<\/li>\n<li data-reactid=\"253\">\n<p class=\"p-ingredient\" data-reactid=\"254\">150 gr de mozzarella<\/p>\n<\/li>\n<li data-reactid=\"255\">\n<p class=\"p-ingredient\" data-reactid=\"256\">Or\u00e9gano al gusto<\/p>\n<\/li>\n<li data-reactid=\"257\">\n<p class=\"p-ingredient\" data-reactid=\"258\">Sal al gusto<\/p>\n<\/li>\n<\/ul>\n<\/div>\n<h3><strong>Modo de preparaci\u00f3n\u00a0<\/strong><\/h3>\n<ul class=\"recipe-steps-list e-instructions\" data-reactid=\"263\">\n<li data-reactid=\"264\">\n<p data-reactid=\"265\">Cortar las berenjenas a lo largo, de 1 cm de espesor. Dejar en colador con un toque de sal gruesa.<\/p>\n<\/li>\n<li data-reactid=\"266\">\n<p data-reactid=\"267\">Lavar con agua, secar y pasar por harina, huevo y pan rallado.<\/p>\n<\/li>\n<li data-reactid=\"268\">\n<p data-reactid=\"269\">Sobre cada milanesa colocar una cucharada de salsa de tomate, media feta de jam\u00f3n y el queso mozzarella.<\/p>\n<\/li>\n<li data-reactid=\"270\">\n<p data-reactid=\"271\">Llevar a gratinar al horno.<\/p>\n<\/li>\n<li data-reactid=\"272\">\n<p data-reactid=\"273\">Espolvorear con or\u00e9gano y servir.<\/p>\n<\/li>\n<\/ul>\n","protected":false},"excerpt":{"rendered":"<p>Ingredientes 2 berenjenas grandes 150 gr de harina 3 huevos 500 gr de pan rallado 8 cdas. de salsa de tomate 300 ml de aceite 150 gr de jam\u00f3n Cocido 150 gr de mozzarella Or\u00e9gano al gusto Sal al gusto Modo de preparaci\u00f3n\u00a0 Cortar las berenjenas a lo largo, de 1 cm de espesor. Dejar [&hellip;]<\/p>\n","protected":false},"author":1,"featured_media":51312,"comment_status":"closed","ping_status":"closed","sticky":false,"template":"","format":"standard","meta":{"_seopress_robots_primary_cat":"","_seopress_titles_title":"","_seopress_titles_desc":"","_seopress_robots_index":"","footnotes":""},"categories":[1,317],"tags":[31467,17576,3288],"class_list":{"0":"post-51311","1":"post","2":"type-post","3":"status-publish","4":"format-standard","5":"has-post-thumbnail","7":"category-cocina","8":"category-recetas","9":"tag-milanesas-de-berenjenas-napolitanas-receta","10":"tag-recetas-de-berenjena","11":"tag-recetas-vegetarianas"},"_links":{"self":[{"href":"https:\/\/www.cordobatimes.com\/showup\/wp-json\/wp\/v2\/posts\/51311","targetHints":{"allow":["GET"]}}],"collection":[{"href":"https:\/\/www.cordobatimes.com\/showup\/wp-json\/wp\/v2\/posts"}],"about":[{"href":"https:\/\/www.cordobatimes.com\/showup\/wp-json\/wp\/v2\/types\/post"}],"author":[{"embeddable":true,"href":"https:\/\/www.cordobatimes.com\/showup\/wp-json\/wp\/v2\/users\/1"}],"replies":[{"embeddable":true,"href":"https:\/\/www.cordobatimes.com\/showup\/wp-json\/wp\/v2\/comments?post=51311"}],"version-history":[{"count":0,"href":"https:\/\/www.cordobatimes.com\/showup\/wp-json\/wp\/v2\/posts\/51311\/revisions"}],"wp:featuredmedia":[{"embeddable":true,"href":"https:\/\/www.cordobatimes.com\/showup\/wp-json\/wp\/v2\/media\/51312"}],"wp:attachment":[{"href":"https:\/\/www.cordobatimes.com\/showup\/wp-json\/wp\/v2\/media?parent=51311"}],"wp:term":[{"taxonomy":"category","embeddable":true,"href":"https:\/\/www.cordobatimes.com\/showup\/wp-json\/wp\/v2\/categories?post=51311"},{"taxonomy":"post_tag","embeddable":true,"href":"https:\/\/www.cordobatimes.com\/showup\/wp-json\/wp\/v2\/tags?post=51311"}],"curies":[{"name":"wp","href":"https:\/\/api.w.org\/{rel}","templated":true}]}}