{"id":51290,"date":"2017-04-02T10:11:10","date_gmt":"2017-04-02T13:11:10","guid":{"rendered":"http:\/\/cordobatimes.com\/showup\/?p=51290"},"modified":"2020-05-14T21:11:24","modified_gmt":"2020-05-15T00:11:24","slug":"mira-el-escalofriante-trailer-de-annabelle-la-creacion","status":"publish","type":"post","link":"https:\/\/www.cordobatimes.com\/showup\/cine-y-series\/2017\/04\/02\/mira-el-escalofriante-trailer-de-annabelle-la-creacion\/","title":{"rendered":"Mir\u00e1 el escalofriante trailer de \u201cAnnabelle: La Creaci\u00f3n\u201d"},"content":{"rendered":"<h3><strong>La secuela sobre la tenebrosa mu\u00f1eca de la colecci\u00f3n de los Warren, llegar\u00e1 a los cines en agosto de 2017.<\/strong><\/h3>\n<p class=\"primero\">Warner Bros public\u00f3 el trailer de Annabelle: La Creaci\u00f3n, la secuela del filme de terror de\u00a02014. Dirigida por David F. Sandberg, la cinta nos revelar\u00e1 el origen de\u00a0la mu\u00f1eca diab\u00f3lica, y no te dejar\u00e1 dormir.<\/p>\n<p>Stephanie Sigman, Talitha Bateman, Lulu Wilson, Miranda Otto,\u00a0Philippa Anne Coulthard, Grace Fulton y Samara Lee, entre otros, forman parte del elenco de Annabelle 2.<\/p>\n<p>Sinopsis: A\u00f1os despu\u00e9s del tr\u00e1gico fallecimiento de su hijita, un fabricante de mu\u00f1ecas y su mujer acogen en su hogar a una monja y varias ni\u00f1as procedentes de un orfanato clausurado, quienes pronto se convierten en el objetivo de la pose\u00edda creaci\u00f3n del fabricante de mu\u00f1ecas, Annabelle.<\/p>\n<p>El\u00a0estreno de Annabelle 2 est\u00e1 previsto para el\u00a011 de agosto en Estados Unidos.<\/p>\n<p><iframe loading=\"lazy\" src=\"https:\/\/www.youtube.com\/embed\/FIdzGOMbVss\" width=\"560\" height=\"315\" frameborder=\"0\" allowfullscreen=\"allowfullscreen\"><\/iframe><\/p>\n","protected":false},"excerpt":{"rendered":"<p>La secuela sobre la tenebrosa mu\u00f1eca de la colecci\u00f3n de los Warren, llegar\u00e1 a los cines en agosto de 2017. Warner Bros public\u00f3 el trailer de Annabelle: La Creaci\u00f3n, la secuela del filme de terror de\u00a02014. Dirigida por David F. Sandberg, la cinta nos revelar\u00e1 el origen de\u00a0la mu\u00f1eca diab\u00f3lica, y no te dejar\u00e1 dormir. [&hellip;]<\/p>\n","protected":false},"author":1,"featured_media":51291,"comment_status":"closed","ping_status":"closed","sticky":false,"template":"","format":"standard","meta":{"_seopress_robots_primary_cat":"","_seopress_titles_title":"","_seopress_titles_desc":"","_seopress_robots_index":"","footnotes":""},"categories":[3],"tags":[31469],"class_list":{"0":"post-51290","1":"post","2":"type-post","3":"status-publish","4":"format-standard","5":"has-post-thumbnail","7":"category-cine-y-series","8":"tag-trailer-de-annabelle-la-creacion"},"_links":{"self":[{"href":"https:\/\/www.cordobatimes.com\/showup\/wp-json\/wp\/v2\/posts\/51290","targetHints":{"allow":["GET"]}}],"collection":[{"href":"https:\/\/www.cordobatimes.com\/showup\/wp-json\/wp\/v2\/posts"}],"about":[{"href":"https:\/\/www.cordobatimes.com\/showup\/wp-json\/wp\/v2\/types\/post"}],"author":[{"embeddable":true,"href":"https:\/\/www.cordobatimes.com\/showup\/wp-json\/wp\/v2\/users\/1"}],"replies":[{"embeddable":true,"href":"https:\/\/www.cordobatimes.com\/showup\/wp-json\/wp\/v2\/comments?post=51290"}],"version-history":[{"count":0,"href":"https:\/\/www.cordobatimes.com\/showup\/wp-json\/wp\/v2\/posts\/51290\/revisions"}],"wp:featuredmedia":[{"embeddable":true,"href":"https:\/\/www.cordobatimes.com\/showup\/wp-json\/wp\/v2\/media\/51291"}],"wp:attachment":[{"href":"https:\/\/www.cordobatimes.com\/showup\/wp-json\/wp\/v2\/media?parent=51290"}],"wp:term":[{"taxonomy":"category","embeddable":true,"href":"https:\/\/www.cordobatimes.com\/showup\/wp-json\/wp\/v2\/categories?post=51290"},{"taxonomy":"post_tag","embeddable":true,"href":"https:\/\/www.cordobatimes.com\/showup\/wp-json\/wp\/v2\/tags?post=51290"}],"curies":[{"name":"wp","href":"https:\/\/api.w.org\/{rel}","templated":true}]}}