{"id":51251,"date":"2017-04-01T12:44:01","date_gmt":"2017-04-01T15:44:01","guid":{"rendered":"http:\/\/cordobatimes.com\/showup\/?p=51251"},"modified":"2020-05-14T21:26:12","modified_gmt":"2020-05-15T00:26:12","slug":"mira-el-trailer-de-la-remake-de-it","status":"publish","type":"post","link":"https:\/\/www.cordobatimes.com\/showup\/cine-y-series\/2017\/04\/01\/mira-el-trailer-de-la-remake-de-it\/","title":{"rendered":"Mir\u00e1  el trailer de la remake de IT"},"content":{"rendered":"<h3><strong>Warner present\u00f3 el adelanto de la nueva adaptaci\u00f3n de la pel\u00edcula basada en la novela del maestro Stephen King, que fue inmortalizada por Tim Curry en 1990.<\/strong><\/h3>\n<p class=\"primero\">Tras mucho esperar, finalmente, Warner Bros present\u00f3 el adelanto de la remake de IT,\u00a0la nueva adaptaci\u00f3n basada en la famosa novela del maestro Stephen King que fue llevada al cine en 1990.<\/p>\n<p>Pasaron 27 a\u00f1os desde que Tim Curry nos aterroriz\u00f3, y en algunos casos traum\u00f3 para siempre, con su incre\u00edble interpretaci\u00f3n del macabro Pennywise.<\/p>\n<p>En esta oleada de adaptaciones de cl\u00e1sicos del cine, Warner present\u00f3 el trailer de IT, dirigida por Andr\u00e9s Muschietti\u00a0(Mama) y protagonizada por\u00a0Bill Skarsg\u00e5rd (Pennywise), Jaeden Lieberher (Bill Denbrough), Jackson Robert Scott (Georgie Denbrough),\u00a0Finn Wolfhard\u00a0(Richie Tozier) y\u00a0Jack Dylan Grazer (Eddie Kaspbrak), entre otros.<\/p>\n<p>Cuando los ni\u00f1os comienzan a desaparecer en la ciudad de Derry, Maine, un grupo de amigos confrontan sus mayores temores al enfrentarse a un malvado payaso llamado Pennywise, cuya historia de asesinatos y violencia data de siglos\u2026<\/p>\n<p>Warner dej\u00f3 en claro que no alterar\u00e1 mayores elementos de la historia original, que ver\u00e1 la luz el pr\u00f3ximo 8 de septiembre en todo el mundo.<\/p>\n<p><iframe loading=\"lazy\" src=\"https:\/\/www.youtube.com\/embed\/fP4BBZ76DGg\" width=\"560\" height=\"315\" frameborder=\"0\" allowfullscreen=\"allowfullscreen\"><\/iframe><\/p>\n<p>Si bien con esta nueva adaptaci\u00f3n se busca acercar a las nuevas generaciones al cine cl\u00e1sico, tambi\u00e9n viene acompa\u00f1ado de cierta pol\u00e9mica.<\/p>\n<p>En la red se han le\u00eddo mensajes reivindicando a Tim Curry como Pennywise, y asegurando que el joven Skarsg\u00e5rd no cumple con la expectativa de semejante personaje y que la pel\u00edcula se asemeja mucho a Stranger Things.<\/p>\n<p>Aunque, por supuesto, hay quienes advierten que habr\u00eda que darle una oportunidad a la remake.<\/p>\n<p>Como sea\u2026 recordemos la emblem\u00e1tica escena de Pennywise y Georgie en la alcantarilla.<\/p>\n<p><iframe loading=\"lazy\" src=\"https:\/\/www.youtube.com\/embed\/LS-TarH_I7k\" width=\"560\" height=\"315\" frameborder=\"0\" allowfullscreen=\"allowfullscreen\"><\/iframe><\/p>\n","protected":false},"excerpt":{"rendered":"<p>Warner present\u00f3 el adelanto de la nueva adaptaci\u00f3n de la pel\u00edcula basada en la novela del maestro Stephen King, que fue inmortalizada por Tim Curry en 1990. Tras mucho esperar, finalmente, Warner Bros present\u00f3 el adelanto de la remake de IT,\u00a0la nueva adaptaci\u00f3n basada en la famosa novela del maestro Stephen King que fue llevada [&hellip;]<\/p>\n","protected":false},"author":1,"featured_media":51252,"comment_status":"closed","ping_status":"closed","sticky":false,"template":"","format":"standard","meta":{"_seopress_robots_primary_cat":"","_seopress_titles_title":"","_seopress_titles_desc":"","_seopress_robots_index":"","footnotes":""},"categories":[3],"tags":[31473],"class_list":{"0":"post-51251","1":"post","2":"type-post","3":"status-publish","4":"format-standard","5":"has-post-thumbnail","7":"category-cine-y-series","8":"tag-trailer-de-la-remake-de-it"},"_links":{"self":[{"href":"https:\/\/www.cordobatimes.com\/showup\/wp-json\/wp\/v2\/posts\/51251","targetHints":{"allow":["GET"]}}],"collection":[{"href":"https:\/\/www.cordobatimes.com\/showup\/wp-json\/wp\/v2\/posts"}],"about":[{"href":"https:\/\/www.cordobatimes.com\/showup\/wp-json\/wp\/v2\/types\/post"}],"author":[{"embeddable":true,"href":"https:\/\/www.cordobatimes.com\/showup\/wp-json\/wp\/v2\/users\/1"}],"replies":[{"embeddable":true,"href":"https:\/\/www.cordobatimes.com\/showup\/wp-json\/wp\/v2\/comments?post=51251"}],"version-history":[{"count":0,"href":"https:\/\/www.cordobatimes.com\/showup\/wp-json\/wp\/v2\/posts\/51251\/revisions"}],"wp:featuredmedia":[{"embeddable":true,"href":"https:\/\/www.cordobatimes.com\/showup\/wp-json\/wp\/v2\/media\/51252"}],"wp:attachment":[{"href":"https:\/\/www.cordobatimes.com\/showup\/wp-json\/wp\/v2\/media?parent=51251"}],"wp:term":[{"taxonomy":"category","embeddable":true,"href":"https:\/\/www.cordobatimes.com\/showup\/wp-json\/wp\/v2\/categories?post=51251"},{"taxonomy":"post_tag","embeddable":true,"href":"https:\/\/www.cordobatimes.com\/showup\/wp-json\/wp\/v2\/tags?post=51251"}],"curies":[{"name":"wp","href":"https:\/\/api.w.org\/{rel}","templated":true}]}}