{"id":51068,"date":"2017-03-25T17:10:41","date_gmt":"2017-03-25T20:10:41","guid":{"rendered":"http:\/\/cordobatimes.com\/showup\/?p=51068"},"modified":"2020-05-11T21:15:06","modified_gmt":"2020-05-12T00:15:06","slug":"mira-el-espectacular-trailer-de-la-liga-de-la-justicia","status":"publish","type":"post","link":"https:\/\/www.cordobatimes.com\/showup\/cine-y-series\/2017\/03\/25\/mira-el-espectacular-trailer-de-la-liga-de-la-justicia\/","title":{"rendered":"Mir\u00e1 el espectacular trailer de \u201cLa Liga de la Justicia\u201d"},"content":{"rendered":"<h3><strong>Warner Bros lanz\u00f3 el adelanto oficial de la pel\u00edcula centrada en el grupo de superh\u00e9roes de DC Comics.<\/strong><\/h3>\n<p>&nbsp;<\/p>\n<p class=\"primero\">Finalmente, Warner Bros lanz\u00f3 el trailer oficial\u00a0de \u201cJustice League\u201d, la pel\u00edcula que re\u00fane a los superh\u00e9roes de DC, Batman, Wonder Woman, Flash, Aquaman y Cyborg.<\/p>\n<p>Protagonizada por Ben Affleck (Batman), Gal Gadot (Wonder Woman), Jason Momoa (Aquaman), Ezra Miller (Flash) y Ray Fisher (Cyborg), \u2018Liga de la Justicia\u2019 re\u00fane\u00a0a los superh\u00e9roes de DC\u00a0para luchar contra Steppenwolf (Ciar\u00e1n Hinds).<\/p>\n<p>A pesar de que no aparezca Superman, en el trailer tambi\u00e9n se puede apreciar la presencia de Amy Adams (Lois Lane) y la de Amber Heard (Mera).<\/p>\n<p>Impulsado por su restaurada fe en la humanidad e inspirado por el acto desinteresado de Superman, Bruce Wayne recluta la ayuda de su nueva aliada, Diana Prince, para enfrentarse a un enemigo a\u00fan mayor. Juntos, Batman y la Mujer Maravilla trabajan r\u00e1pidamente para encontrar y reclutar a un equipo de metahumanos para pelear contra esta amenaza reci\u00e9n despertada. Pero a pesar de la formaci\u00f3n de esta liga sin precedentes de h\u00e9roes \u2013 Batman, Mujer Maravilla, Aquaman, Cyborg y Flash-, puede ser ya demasiado tarde para salvar al planeta de un ataque de proporciones catastr\u00f3ficas.<\/p>\n<p>Dirigida por Zack Snyder, y con guion firmado por Chris Terrio, \u201cJustice League\u201d llegar\u00e1 a los cines el 17 de noviembre de 2017 y marcar\u00e1 el debut en pantalla grande de la Liga de la Justicia. Otros miembros del reparto son Jeremy Irons, Willem Dafoe, Amber Heard, J. K. Simmons y Jesse Eisenberg.<\/p>\n<p><iframe loading=\"lazy\" src=\"https:\/\/www.youtube.com\/embed\/1c66wfYbNEs\" width=\"560\" height=\"315\" frameborder=\"0\" allowfullscreen=\"allowfullscreen\"><\/iframe><\/p>\n","protected":false},"excerpt":{"rendered":"<p>Warner Bros lanz\u00f3 el adelanto oficial de la pel\u00edcula centrada en el grupo de superh\u00e9roes de DC Comics. &nbsp; Finalmente, Warner Bros lanz\u00f3 el trailer oficial\u00a0de \u201cJustice League\u201d, la pel\u00edcula que re\u00fane a los superh\u00e9roes de DC, Batman, Wonder Woman, Flash, Aquaman y Cyborg. Protagonizada por Ben Affleck (Batman), Gal Gadot (Wonder Woman), Jason Momoa [&hellip;]<\/p>\n","protected":false},"author":1,"featured_media":51069,"comment_status":"closed","ping_status":"closed","sticky":false,"template":"","format":"standard","meta":{"_seopress_robots_primary_cat":"","_seopress_titles_title":"","_seopress_titles_desc":"","_seopress_robots_index":"","footnotes":""},"categories":[3],"tags":[31370],"class_list":{"0":"post-51068","1":"post","2":"type-post","3":"status-publish","4":"format-standard","5":"has-post-thumbnail","7":"category-cine-y-series","8":"tag-trailer-de-la-liga-de-la-justicia"},"_links":{"self":[{"href":"https:\/\/www.cordobatimes.com\/showup\/wp-json\/wp\/v2\/posts\/51068","targetHints":{"allow":["GET"]}}],"collection":[{"href":"https:\/\/www.cordobatimes.com\/showup\/wp-json\/wp\/v2\/posts"}],"about":[{"href":"https:\/\/www.cordobatimes.com\/showup\/wp-json\/wp\/v2\/types\/post"}],"author":[{"embeddable":true,"href":"https:\/\/www.cordobatimes.com\/showup\/wp-json\/wp\/v2\/users\/1"}],"replies":[{"embeddable":true,"href":"https:\/\/www.cordobatimes.com\/showup\/wp-json\/wp\/v2\/comments?post=51068"}],"version-history":[{"count":0,"href":"https:\/\/www.cordobatimes.com\/showup\/wp-json\/wp\/v2\/posts\/51068\/revisions"}],"wp:featuredmedia":[{"embeddable":true,"href":"https:\/\/www.cordobatimes.com\/showup\/wp-json\/wp\/v2\/media\/51069"}],"wp:attachment":[{"href":"https:\/\/www.cordobatimes.com\/showup\/wp-json\/wp\/v2\/media?parent=51068"}],"wp:term":[{"taxonomy":"category","embeddable":true,"href":"https:\/\/www.cordobatimes.com\/showup\/wp-json\/wp\/v2\/categories?post=51068"},{"taxonomy":"post_tag","embeddable":true,"href":"https:\/\/www.cordobatimes.com\/showup\/wp-json\/wp\/v2\/tags?post=51068"}],"curies":[{"name":"wp","href":"https:\/\/api.w.org\/{rel}","templated":true}]}}