{"id":50989,"date":"2017-03-19T10:44:17","date_gmt":"2017-03-19T13:44:17","guid":{"rendered":"http:\/\/cordobatimes.com\/showup\/?p=50989"},"modified":"2020-05-11T21:48:44","modified_gmt":"2020-05-12T00:48:44","slug":"murio-la-leyenda-del-rock-and-roll-chuck-berry","status":"publish","type":"post","link":"https:\/\/www.cordobatimes.com\/showup\/musica\/2017\/03\/19\/murio-la-leyenda-del-rock-and-roll-chuck-berry\/","title":{"rendered":"Muri\u00f3 la leyenda del Rock and Roll Chuck Berry"},"content":{"rendered":"<h3><strong>El guitarrista, catalogado como uno de los mejores de todos los tiempos, falleci\u00f3 a los 90 a\u00f1os.<\/strong><\/h3>\n<p>Chuck Berry, uno de los grandes padrinos y fundadores del rock gracias al tema \u201cMaybellene\u201d, lanzado en 1955, falleci\u00f3 ayer a los 90 a\u00f1os de edad, seg\u00fan inform\u00f3 la Polic\u00eda del condado de St. Charles, en Missouri, Estados Unidos.<\/p>\n<p>En un mensaje en su cuenta de Facebook, la Polic\u00eda del condado de St. Charles confirm\u00f3 la muerte de Charles Edward Anderson Berry Sr., m\u00e1s conocido como Chuck Berry.<\/p>\n<p><em>\u201cEl Departamento de Polic\u00eda del condado de Saint Charles tristemente confirma la muerte de Charles Edward Anderson Berry Sr, m\u00e1s conocido como el legendario m\u00fasico Chuck Berry\u201d<\/em>, se\u00f1ala la polic\u00eda en el comunicado.<\/p>\n<p>La polic\u00eda\u00a0recibi\u00f3 una alerta por una emergencia en la residencia del m\u00edtico artista. En la vivienda, hallaron a un hombre inconsciente y, a pesar de haber intentado reanimarlo, no lo consiguieron.<\/p>\n<p><iframe loading=\"lazy\" src=\"https:\/\/www.youtube.com\/embed\/kpTpxbnBWYM\" width=\"560\" height=\"315\" frameborder=\"0\" allowfullscreen=\"allowfullscreen\"><\/iframe><\/p>\n<p>Coincidiendo con su 90 cumplea\u00f1os, el cantante anunci\u00f3 el pasado octubre su primer trabajo desde \u201cRock It\u201d, publicado en 1979. En un comunicado, el creador de \u201cJohnny B. Goode\u201d indic\u00f3 que el nuevo \u00e1lbum saldr\u00e1 a la venta el pr\u00f3ximo a\u00f1o a trav\u00e9s de Dualtone Records y estar\u00e1 compuesto principalmente por canciones nuevas y originales, grabadas y producidas por el propio Berry.<\/p>\n<p>\u201cEste disco est\u00e1 dedicado a mi amada Toddy\u201d, explicaba el m\u00fasico en referencia a su esposa desde hace 68 a\u00f1os, Themetta Berry. \u201cMi amor, estoy envejeciendo. He trabajado mucho tiempo en este disco. Ahora puedo colgar mis zapatos\u201d, a\u00f1ad\u00eda.<\/p>\n<p>En su biograf\u00eda del Sal\u00f3n de la Fama del Rock, se lee: \u201cDespu\u00e9s de Elvis Presley, solo Chuck Berry ha tenido m\u00e1s influencia a la hora de dar forma y desarrollar el rock &amp; roll\u201d.<\/p>\n<p><iframe loading=\"lazy\" src=\"https:\/\/www.youtube.com\/embed\/5madtiLf7DI\" width=\"560\" height=\"315\" frameborder=\"0\" allowfullscreen=\"allowfullscreen\"><\/iframe><\/p>\n","protected":false},"excerpt":{"rendered":"<p>El guitarrista, catalogado como uno de los mejores de todos los tiempos, falleci\u00f3 a los 90 a\u00f1os. Chuck Berry, uno de los grandes padrinos y fundadores del rock gracias al tema \u201cMaybellene\u201d, lanzado en 1955, falleci\u00f3 ayer a los 90 a\u00f1os de edad, seg\u00fan inform\u00f3 la Polic\u00eda del condado de St. Charles, en Missouri, Estados [&hellip;]<\/p>\n","protected":false},"author":1,"featured_media":50990,"comment_status":"closed","ping_status":"closed","sticky":false,"template":"","format":"standard","meta":{"_seopress_robots_primary_cat":"","_seopress_titles_title":"","_seopress_titles_desc":"","_seopress_robots_index":"","footnotes":""},"categories":[5],"tags":[17529,31379],"class_list":{"0":"post-50989","1":"post","2":"type-post","3":"status-publish","4":"format-standard","5":"has-post-thumbnail","7":"category-musica","8":"tag-la-leyenda-del-rock-and-roll","9":"tag-muerte-de-chuck-berry"},"_links":{"self":[{"href":"https:\/\/www.cordobatimes.com\/showup\/wp-json\/wp\/v2\/posts\/50989","targetHints":{"allow":["GET"]}}],"collection":[{"href":"https:\/\/www.cordobatimes.com\/showup\/wp-json\/wp\/v2\/posts"}],"about":[{"href":"https:\/\/www.cordobatimes.com\/showup\/wp-json\/wp\/v2\/types\/post"}],"author":[{"embeddable":true,"href":"https:\/\/www.cordobatimes.com\/showup\/wp-json\/wp\/v2\/users\/1"}],"replies":[{"embeddable":true,"href":"https:\/\/www.cordobatimes.com\/showup\/wp-json\/wp\/v2\/comments?post=50989"}],"version-history":[{"count":0,"href":"https:\/\/www.cordobatimes.com\/showup\/wp-json\/wp\/v2\/posts\/50989\/revisions"}],"wp:featuredmedia":[{"embeddable":true,"href":"https:\/\/www.cordobatimes.com\/showup\/wp-json\/wp\/v2\/media\/50990"}],"wp:attachment":[{"href":"https:\/\/www.cordobatimes.com\/showup\/wp-json\/wp\/v2\/media?parent=50989"}],"wp:term":[{"taxonomy":"category","embeddable":true,"href":"https:\/\/www.cordobatimes.com\/showup\/wp-json\/wp\/v2\/categories?post=50989"},{"taxonomy":"post_tag","embeddable":true,"href":"https:\/\/www.cordobatimes.com\/showup\/wp-json\/wp\/v2\/tags?post=50989"}],"curies":[{"name":"wp","href":"https:\/\/api.w.org\/{rel}","templated":true}]}}