{"id":50861,"date":"2017-03-13T11:22:22","date_gmt":"2017-03-13T14:22:22","guid":{"rendered":"http:\/\/cordobatimes.com\/showup\/?p=50861"},"modified":"2017-03-13T11:22:22","modified_gmt":"2017-03-13T14:22:22","slug":"el-comunicado-del-indio-solari-despues-de-la-tragedia-en-olavarria","status":"publish","type":"post","link":"https:\/\/www.cordobatimes.com\/showup\/famosos\/2017\/03\/13\/el-comunicado-del-indio-solari-despues-de-la-tragedia-en-olavarria\/","title":{"rendered":"El comunicado del Indio Solari despu\u00e9s de la tragedia en Olavarr\u00eda"},"content":{"rendered":"<h3><strong>A trav\u00e9s de la cuenta de Facebook Virumancia, que maneja su c\u00edrculo \u00edntimo, culparon a los medios y aseguraron que \u201cvenden pescado podrido\u201d.<\/strong><\/h3>\n<p class=\"primero\">Atrav\u00e9s de un comunicado publicado en la p\u00e1gina oficial de Facebook del Indio Solari, su mujer Virginia culp\u00f3 a los medios de \u201cvender pescado podrido\u201d en medio de las investigaciones que se llevan a cabo por la tragedia de Olavarr\u00eda, donde el cantante brind\u00f3 un recital que dej\u00f3 dos muertos, decenas de heridos y desaparecidos.<\/p>\n<p>En medio de las cr\u00edticas y la citaci\u00f3n de la Justicia al Indio Solari como testigo de la tragedia, desde la p\u00e1gina oficial del artista comunicaron.<\/p>\n<p><img loading=\"lazy\" decoding=\"async\" class=\"alignnone size-full wp-image-50863\" src=\"http:\/\/cordobatimes.com\/showup\/wp-content\/uploads\/2017\/03\/Nombre3.jpg\" alt=\"Nombre\" width=\"510\" height=\"267\" srcset=\"https:\/\/www.cordobatimes.com\/showup\/wp-content\/uploads\/2017\/03\/Nombre3.jpg 510w, https:\/\/www.cordobatimes.com\/showup\/wp-content\/uploads\/2017\/03\/Nombre3-300x157.jpg 300w\" sizes=\"auto, (max-width: 510px) 100vw, 510px\" \/><\/p>\n<p>El comunicado no cay\u00f3 bien entre el p\u00fablico, que lo vio precipitado y sin solidarizarse con las familias de los fallecidos y heridos. Por este motivo, minutos despu\u00e9s, emitieron otro comunicado donde aseguran estar \u201cmuy tristes y preocupados\u201d por la situaci\u00f3n.<\/p>\n<p><a href=\"http:\/\/cordobatimes.com\/showup\/wp-content\/uploads\/2017\/03\/Nombre4.jpg\"><img loading=\"lazy\" decoding=\"async\" class=\"alignnone size-full wp-image-50864\" src=\"http:\/\/cordobatimes.com\/showup\/wp-content\/uploads\/2017\/03\/Nombre4.jpg\" alt=\"Nombre\" width=\"501\" height=\"261\" srcset=\"https:\/\/www.cordobatimes.com\/showup\/wp-content\/uploads\/2017\/03\/Nombre4.jpg 501w, https:\/\/www.cordobatimes.com\/showup\/wp-content\/uploads\/2017\/03\/Nombre4-300x156.jpg 300w\" sizes=\"auto, (max-width: 501px) 100vw, 501px\" \/><\/a><\/p>\n","protected":false},"excerpt":{"rendered":"<p>A trav\u00e9s de la cuenta de Facebook Virumancia, que maneja su c\u00edrculo \u00edntimo, culparon a los medios y aseguraron que \u201cvenden pescado podrido\u201d. Atrav\u00e9s de un comunicado publicado en la p\u00e1gina oficial de Facebook del Indio Solari, su mujer Virginia culp\u00f3 a los medios de \u201cvender pescado podrido\u201d en medio de las investigaciones que se [&hellip;]<\/p>\n","protected":false},"author":1,"featured_media":50862,"comment_status":"closed","ping_status":"closed","sticky":false,"template":"","format":"standard","meta":{"_seopress_robots_primary_cat":"","_seopress_titles_title":"","_seopress_titles_desc":"","_seopress_robots_index":"","footnotes":""},"categories":[4],"tags":[16007,3039,16908,16550],"class_list":{"0":"post-50861","1":"post","2":"type-post","3":"status-publish","4":"format-standard","5":"has-post-thumbnail","7":"category-famosos","8":"tag-comunicado","9":"tag-indio-solari","10":"tag-olavarria","11":"tag-tragedia"},"_links":{"self":[{"href":"https:\/\/www.cordobatimes.com\/showup\/wp-json\/wp\/v2\/posts\/50861","targetHints":{"allow":["GET"]}}],"collection":[{"href":"https:\/\/www.cordobatimes.com\/showup\/wp-json\/wp\/v2\/posts"}],"about":[{"href":"https:\/\/www.cordobatimes.com\/showup\/wp-json\/wp\/v2\/types\/post"}],"author":[{"embeddable":true,"href":"https:\/\/www.cordobatimes.com\/showup\/wp-json\/wp\/v2\/users\/1"}],"replies":[{"embeddable":true,"href":"https:\/\/www.cordobatimes.com\/showup\/wp-json\/wp\/v2\/comments?post=50861"}],"version-history":[{"count":0,"href":"https:\/\/www.cordobatimes.com\/showup\/wp-json\/wp\/v2\/posts\/50861\/revisions"}],"wp:featuredmedia":[{"embeddable":true,"href":"https:\/\/www.cordobatimes.com\/showup\/wp-json\/wp\/v2\/media\/50862"}],"wp:attachment":[{"href":"https:\/\/www.cordobatimes.com\/showup\/wp-json\/wp\/v2\/media?parent=50861"}],"wp:term":[{"taxonomy":"category","embeddable":true,"href":"https:\/\/www.cordobatimes.com\/showup\/wp-json\/wp\/v2\/categories?post=50861"},{"taxonomy":"post_tag","embeddable":true,"href":"https:\/\/www.cordobatimes.com\/showup\/wp-json\/wp\/v2\/tags?post=50861"}],"curies":[{"name":"wp","href":"https:\/\/api.w.org\/{rel}","templated":true}]}}